{"id":1066,"date":"2010-12-09T19:19:39","date_gmt":"2010-12-09T18:19:39","guid":{"rendered":"https:\/\/www.reneenicoux.fr\/?p=1066"},"modified":"2010-12-10T17:19:50","modified_gmt":"2010-12-10T16:19:50","slug":"le-conseil-constitutionnel-censure-le-tableau-de-repartition-des-futurs-conseillers-territoriaux","status":"publish","type":"post","link":"https:\/\/www.reneenicoux.fr\/?p=1066","title":{"rendered":"Le Conseil Constitutionnel censure le tableau de r\u00e9partition des futurs conseillers territoriaux"},"content":{"rendered":"<p style=\"text-align: justify;\"><a href=\"https:\/\/www.reneenicoux.fr\/wp-content\/uploads\/2010\/12\/carte-de-france.bmp\" rel=\"lightbox[1066]\"><\/a><a href=\"https:\/\/www.reneenicoux.fr\/wp-content\/uploads\/2010\/12\/carte_de_france_departements.gif\" rel=\"lightbox[1066]\"><\/a><a href=\"https:\/\/www.reneenicoux.fr\/wp-content\/uploads\/2010\/12\/conseil-constitutionnel-entree1203756267.jpg\" rel=\"lightbox[1066]\"><\/a><a href=\"https:\/\/www.reneenicoux.fr\/wp-content\/uploads\/2010\/12\/conseil-constitutionnel-entree12037562671.jpg\" rel=\"lightbox[1066]\"><img loading=\"lazy\" decoding=\"async\" class=\"alignleft size-medium wp-image-1073\" title=\"LE CONSEIL CONSTITUTIONNEL SAISI SUR LA LOI RELATIVE \u00c3\u0080 L'IMMIGRATION\" src=\"https:\/\/www.reneenicoux.fr\/wp-content\/uploads\/2010\/12\/conseil-constitutionnel-entree12037562671-300x204.jpg\" alt=\"\" width=\"169\" height=\"127\" \/><\/a><strong>Dans sa d\u00e9cision du 9 d\u00e9cembre 2010, le Conseil Constitutionnel a censur\u00e9 l&rsquo;article 6 du projet de loi de r\u00e9forme des collectivit\u00e9s territoriales qui fixait le nombre des futurs\u00a0conseillers territoriaux dans chaque d\u00e9partement et chaque r\u00e9gion.<\/strong><\/p>\n<p style=\"text-align: justify;\">En effet, le Conseil Constitutionnel a constat\u00e9 que 6 d\u00e9partements pr\u00e9sentaient des \u00e9carts de plus de 20% \u00e0 la moyenne r\u00e9gionale quant \u00e0 leur nombre de conseillers territoriaux rapport\u00e9s \u00e0 la population du d\u00e9partement\u00a0: l&rsquo;Aude, le Cantal, la Haute-Garonne, la Meuse, la Mayenne et la Savoie.<\/p>\n<p style=\"text-align: justify;\">Il a donc\u00a0estim\u00e9 contraire \u00e0 la Constitution cet article et donc l&rsquo;ensemble\u00a0du tableau de r\u00e9partition de ces futurs \u00e9lus.<\/p>\n<p style=\"text-align: justify;\"><strong>De ce fait, nous ne connaissons plus, aujourd&rsquo;hui, le nombre de conseillers territoriaux dont disposera la Creuse en 2014.<\/strong> A noter que dans le projet de loi initial, la r\u00e9gion Limousin devait disposer de 91 \u00e9lus, dont 19 en Creuse.<\/p>\n<p style=\"text-align: justify;\">Cependant, <span style=\"text-decoration: underline;\">le Conseil Consitutionnel a valid\u00e9 le principe d&rsquo;un <strong>nombre minimal de 15 conseillers territoriaux par d\u00e9partement<\/strong><\/span> pour assurer le fonctionnement normal d&rsquo;une assembl\u00e9e d\u00e9lib\u00e9rante locale.<\/p>\n<p style=\"text-align: justify;\">Le Parlement sera donc amen\u00e9 \u00e0 se prononcer, une nouvelle fois, sur la r\u00e9partition du nombre de conseillers territoriaux.<\/p>\n<p style=\"text-align: justify;\"><a href=\"http:\/\/www.conseil-constitutionnel.fr\/conseil-constitutionnel\/francais\/les-decisions\/acces-par-date\/decisions-depuis-1959\/2010\/2010-618-dc\/decision-n-2010-618-dc-du-09-decembre-2010.51194.html\" target=\"_blank\">Pour plus d&rsquo;informations, je vous invite \u00e0 consulter l&rsquo;int\u00e9gralit\u00e9 de la d\u00e9cision du Conseil Constitutionnel en cliquant sur le pr\u00e9sent lien.<\/a><\/p>\n","protected":false},"excerpt":{"rendered":"<p style=\"text-align: justify;\"><a href=\"https:\/\/www.reneenicoux.fr\/wp-content\/uploads\/2010\/12\/carte-de-france.bmp\" rel=\"lightbox[1066]\"><\/a><a href=\"https:\/\/www.reneenicoux.fr\/wp-content\/uploads\/2010\/12\/carte_de_france_departements.gif\" rel=\"lightbox[1066]\"><\/a><a href=\"https:\/\/www.reneenicoux.fr\/wp-content\/uploads\/2010\/12\/conseil-constitutionnel-entree1203756267.jpg\" rel=\"lightbox[1066]\"><\/a><a href=\"https:\/\/www.reneenicoux.fr\/wp-content\/uploads\/2010\/12\/conseil-constitutionnel-entree12037562671.jpg\" rel=\"lightbox[1066]\"><img loading=\"lazy\" decoding=\"async\" class=\"alignleft size-medium wp-image-1073\" title=\"LE CONSEIL CONSTITUTIONNEL SAISI SUR LA LOI RELATIVE \u00c3\u0080 L'IMMIGRATION\" src=\"https:\/\/www.reneenicoux.fr\/wp-content\/uploads\/2010\/12\/conseil-constitutionnel-entree12037562671-300x204.jpg\" alt=\"\" width=\"169\" height=\"127\" \/><\/a><strong>Dans sa d\u00e9cision du 9 d\u00e9cembre 2010, le Conseil Constitutionnel a censur\u00e9 l&rsquo;article 6 du projet de loi de r\u00e9forme des collectivit\u00e9s territoriales qui fixait le nombre des futurs conseillers territoriaux dans chaque d\u00e9partement et chaque r\u00e9gion.<\/strong><\/p>\n<p style=\"text-align: justify;\">En effet, le Conseil Constitutionnel a constat\u00e9 que 6 d\u00e9partements pr\u00e9sentaient des \u00e9carts de plus de 20% \u00e0 la moyenne r\u00e9gionale quant \u00e0 leur nombre de conseillers territoriaux rapport\u00e9s \u00e0 la population du d\u00e9partement : l&rsquo;Aude, le Cantal, la Haute-Garonne, la Meuse, la Mayenne et la Savoie.<\/p>\n<p style=\"text-align: justify;\">Il a donc estim\u00e9 contraire \u00e0 la Constitution cet article et donc l&rsquo;ensemble du tableau de r\u00e9partition de ces futurs \u00e9lus.<\/p>\n<p style=\"text-align: justify;\"><strong>De ce fait, nous ne connaissons plus, aujourd&rsquo;hui, le nombre de conseillers territoriaux dont disposera la Creuse en 2014.<\/strong> A noter que dans le projet de loi initial, la r\u00e9gion Limousin devait disposer de 91 \u00e9lus, dont 19 en Creuse.<\/p>\n<p style=\"text-align: justify;\">Cependant, <span style=\"text-decoration: underline;\">le Conseil Consitutionnel a valid\u00e9 le principe d&rsquo;un <strong>nombre minimal de 15 conseillers territoriaux par d\u00e9partement<\/strong><\/span> pour assurer le fonctionnement normal d&rsquo;une assembl\u00e9e d\u00e9lib\u00e9rante locale.<\/p>\n<p style=\"text-align: justify;\">Le Parlement sera donc amen\u00e9 \u00e0 se prononcer, une nouvelle fois, sur la r\u00e9partition du nombre de conseillers territoriaux.<\/p>\n<p style=\"text-align: justify;\"><a href=\"http:\/\/www.conseil-constitutionnel.fr\/conseil-constitutionnel\/francais\/les-decisions\/acces-par-date\/decisions-depuis-1959\/2010\/2010-618-dc\/decision-n-2010-618-dc-du-09-decembre-2010.51194.html\" target=\"_blank\">Pour plus d&rsquo;informations, je vous invite \u00e0 consulter l&rsquo;int\u00e9gralit\u00e9 de la d\u00e9cision du Conseil Constitutionnel en cliquant sur le pr\u00e9sent lien.<\/a><\/p>\n","protected":false},"author":5,"featured_media":0,"comment_status":"closed","ping_status":"closed","sticky":false,"template":"","format":"standard","meta":{"footnotes":""},"categories":[4,19],"tags":[],"class_list":["post-1066","post","type-post","status-publish","format-standard","hentry","category-actualite","category-suppression-de-la-taxe-professionnelle"],"_links":{"self":[{"href":"https:\/\/www.reneenicoux.fr\/index.php?rest_route=\/wp\/v2\/posts\/1066","targetHints":{"allow":["GET"]}}],"collection":[{"href":"https:\/\/www.reneenicoux.fr\/index.php?rest_route=\/wp\/v2\/posts"}],"about":[{"href":"https:\/\/www.reneenicoux.fr\/index.php?rest_route=\/wp\/v2\/types\/post"}],"author":[{"embeddable":true,"href":"https:\/\/www.reneenicoux.fr\/index.php?rest_route=\/wp\/v2\/users\/5"}],"replies":[{"embeddable":true,"href":"https:\/\/www.reneenicoux.fr\/index.php?rest_route=%2Fwp%2Fv2%2Fcomments&post=1066"}],"version-history":[{"count":20,"href":"https:\/\/www.reneenicoux.fr\/index.php?rest_route=\/wp\/v2\/posts\/1066\/revisions"}],"predecessor-version":[{"id":1096,"href":"https:\/\/www.reneenicoux.fr\/index.php?rest_route=\/wp\/v2\/posts\/1066\/revisions\/1096"}],"wp:attachment":[{"href":"https:\/\/www.reneenicoux.fr\/index.php?rest_route=%2Fwp%2Fv2%2Fmedia&parent=1066"}],"wp:term":[{"taxonomy":"category","embeddable":true,"href":"https:\/\/www.reneenicoux.fr\/index.php?rest_route=%2Fwp%2Fv2%2Fcategories&post=1066"},{"taxonomy":"post_tag","embeddable":true,"href":"https:\/\/www.reneenicoux.fr\/index.php?rest_route=%2Fwp%2Fv2%2Ftags&post=1066"}],"curies":[{"name":"wp","href":"https:\/\/api.w.org\/{rel}","templated":true}]}}