{"id":1713,"date":"2011-07-28T07:51:15","date_gmt":"2011-07-28T05:51:15","guid":{"rendered":"https:\/\/www.reneenicoux.fr\/?p=1713"},"modified":"2011-07-28T07:52:19","modified_gmt":"2011-07-28T05:52:19","slug":"fin-de-la-session-parlementaire-2010-2011","status":"publish","type":"post","link":"https:\/\/www.reneenicoux.fr\/?p=1713","title":{"rendered":"Fin de la session parlementaire 2010-2011"},"content":{"rendered":"<p style=\"text-align: justify;\">La session 2010-2011 a pris fin le 13 juillet dernier. Une fois de plus, le S\u00e9nat a \u00e9t\u00e9 tr\u00e8s actif cette ann\u00e9e. Avec plus de 1000 heures de d\u00e9bats et 120 jours de s\u00e9ances, notre Haute Assembl\u00e9e a plus que jamais fait preuve de son utilit\u00e9 et de son efficacit\u00e9.<\/p>\n<p style=\"text-align: justify;\">Le Parti socialiste s&rsquo;est particuli\u00e8rement mobilis\u00e9 lors de cette session parlementaire. Nous avons fait entendre nos diff\u00e9rences politiques en \u00e9tant force de propositions sur de nombreux textes. Malheureusement, nous n&rsquo;avons \u00e9t\u00e9 que tr\u00e8s rarement entendus. Le Gouvernement et la majorit\u00e9 s\u00e9natoriale sont bien trop souvent rest\u00e9s sourds, voire totalement herm\u00e9tiques, \u00e0 nos propositions. Cette attitude a in\u00e9vitablement nuit \u00e0 la qualit\u00e9 des d\u00e9bats et des r\u00e9formes men\u00e9es cette ann\u00e9e.<\/p>\n<p style=\"text-align: justify;\">Au sein de la Commission de l&rsquo;\u00e9conomie, du d\u00e9veloppement durable et de l&rsquo;am\u00e9nagement du territoire (CEDDAT), je me suis particuli\u00e8rement mobilis\u00e9e sur des questions relatives \u00e0 l&rsquo;agriculture, l&rsquo;\u00e9nergie, l&rsquo;Europe, la politique foresti\u00e8re ou encore la ruralit\u00e9&#8230; Je suis \u00e9galement intervenue \u00e0 plusieurs reprises sur des questions \u00e9ducatives, notamment pour d\u00e9noncer la carte scolaire 2011-12 pour la r\u00e9gion Limousin qui acte la suppression de postes d&rsquo;enseignants et la fermeture de fili\u00e8res g\u00e9n\u00e9rales et professionnelles dans nos lyc\u00e9es.<\/p>\n<p style=\"text-align: justify;\">Au mois de juin, avec mon coll\u00e8gue Jean-Jacques Lozach nous avons d\u00e9pos\u00e9 une proposition de loi visant \u00e0 instaurer un nouveau pacte territorial. Notre objectif \u00e9tait d&rsquo;apporter des r\u00e9ponses \u00e0 l&rsquo;aggravation des in\u00e9galit\u00e9s \u00e9conomiques et territoriales dans notre pays, en donnant aux territoires ruraux de v\u00e9ritables outils pour se d\u00e9velopper harmonieusement. Ce texte a profond\u00e9ment embarrass\u00e9 le Gouvernement et la majorit\u00e9 qui, se retrouvant face \u00e0 l&rsquo;ineptie de certaines de leurs r\u00e9formes (\u00e0 commencer par la RGPP), ont pr\u00e9f\u00e9r\u00e9 refuser le d\u00e9bat en votant un renvoi en commission. Je regrette profond\u00e9ment cette attitude peu respectueuse de nos territoires et de nos concitoyens, et \u00f4 combien \u00e9loign\u00e9e des r\u00e9alit\u00e9s locales.<\/p>\n<p style=\"text-align: justify;\">La France traverse une p\u00e9riode extr\u00eamement difficile et le d\u00e9sarroi dans lequel se trouve les fran\u00e7ais en est une illustration : baisse continue du pouvoir d&rsquo;achat, ch\u00f4mage \u00e9lev\u00e9, non revalorisation du SMIC, mise \u00e0 mal de notre syst\u00e8me de protection sociale, fermetures de nos services publics de proximit\u00e9, perspectives sombres pour les g\u00e9n\u00e9rations futures\u2026 Certains diront que la crise \u00e9conomique internationale en est la cause. Or, il est certain que la politique actuelle du Gouvernement ne fait rien pour en limiter les effets, \u00e0 commencer pour les fran\u00e7ais les plus modestes.<\/p>\n<p style=\"text-align: justify;\">Dans une conjoncture nationale et internationale aussi difficile, l&rsquo;\u00c9tat devrait \u00eatre le garant de l&rsquo;\u00e9quit\u00e9 sociale et \u00e9conomique. Il faut tout mettre en \u0153uvre pour que notre mod\u00e8le r\u00e9publicain, fond\u00e9 sur l&rsquo;\u00e9galit\u00e9 et la justice sociale, ne vacille pas. Il est donc plus que temps de mener des r\u00e9formes dans l&rsquo;int\u00e9r\u00eat de tous et non dans celui d&rsquo;une poign\u00e9e de privil\u00e9gi\u00e9s.<\/p>\n<p style=\"text-align: justify;\">A ce titre, l&rsquo;ann\u00e9e qui se profile sera cruciale. Elle sera riche en \u00e9ch\u00e9ances \u00e9lectorales : \u00e9lections s\u00e9natoriales dans certains d\u00e9partements \u00e0 l&rsquo;automne, puis \u00e9lections pr\u00e9sidentielles et l\u00e9gislatives au printemps 2012. Je souhaite donc, de tout c\u0153ur, que cette ann\u00e9e charni\u00e8re soit celle du changement. La course \u00e0 l&rsquo;ultra-lib\u00e9ralisme et \u00e0 l&rsquo;individualisme exacerb\u00e9 a plus que jamais montr\u00e9 ses limites. Il est grand temps de replacer l&rsquo;Homme et le citoyen au centre des pr\u00e9occupations politiques.<\/p>\n<p style=\"text-align: justify;\">En tout \u00e9tat de cause, vous pouvez \u00eatre assur\u00e9s que je poursuivrai mon travail avec s\u00e9rieux et motivation pour d\u00e9fendre la Creuse, ses \u00e9lus et ses habitants.<\/p>\n<p style=\"text-align: justify;\">Pour mieux remplir cette fonction, je me suis attach\u00e9e \u00e0 aller \u00e0 la rencontre des \u00e9lus municipaux dans un certain nombre de communes du d\u00e9partement, avec pour objectif de mieux conna\u00eetre non seulement leurs projets mais aussi les probl\u00e8mes rencontr\u00e9s. Beaucoup ont fait part de leurs inqui\u00e9tudes pour l&rsquo;avenir et des difficult\u00e9s grandissantes \u00e0 mobiliser les fonds n\u00e9cessaires \u00e0 l&rsquo;entretien des routes ou des b\u00e2timents communaux. Tous montrent un int\u00e9r\u00eat particulier \u00e0 la promotion de leur territoire et d\u00e9fendent avec \u00e2pret\u00e9 le maintien d&rsquo;un maillage des services publiques avec une pr\u00e9occupation particuli\u00e8re pour les \u00e9coles, les services de sant\u00e9, les services li\u00e9s \u00e0 la petite enfance, ou au maintien des personnes \u00e2g\u00e9es \u00e0 domicile, afin que nos communes rurales conservent leur attractivit\u00e9 et ne soient pas condamn\u00e9es \u00e0 voir partir leurs habitants.<br \/>\nEtre au c\u00f4t\u00e9 des maires, \u00eatre leur relai au S\u00e9nat, c&rsquo;est bien l\u00e0 la fonction d&rsquo;un s\u00e9nateur, d&rsquo;o\u00f9 l&rsquo;importance que j&rsquo;attache \u00e0 ces rencontres en dehors de toute campagne \u00e9lectorale. Les rencontres sur le terrain vont se poursuivre \u00e0 l&rsquo;automne et en 2012, et j&rsquo;esp\u00e8re pouvoir visiter chaque commune avant fin 2013. Chacun peut d&rsquo;ailleurs suivre mon p\u00e9riple en visitant r\u00e9guli\u00e8rement ce site qui vous informe de mon travail au S\u00e9nat.<\/p>\n<p style=\"text-align: justify;\">Je vous invite \u00e0 me contacter par courriel pour toute remarque, suggestion ou question que vous souhaiteriez me poser. Mon objectif est, avant tout, de vous permettre de suivre mon activit\u00e9 de parlementaire mais aussi de vous \u00eatre utile dans votre gestion au quotidien.<\/p>\n<p style=\"text-align: justify;\">Bon \u00e9t\u00e9\u00a0!<\/p>\n","protected":false},"excerpt":{"rendered":"<p>La session 2010-2011 a pris fin le 13 juillet dernier. Une fois de plus, le S\u00e9nat a \u00e9t\u00e9 tr\u00e8s actif cette ann\u00e9e. Avec plus de 1000 heures de d\u00e9bats et 120 jours de s\u00e9ances, notre Haute Assembl\u00e9e a plus que jamais fait preuve de son utilit\u00e9 et de son efficacit\u00e9.<\/p>\n<p>Le Parti socialiste s&rsquo;est particuli\u00e8rement mobilis\u00e9 lors de cette session parlementaire. Nous avons fait entendre nos diff\u00e9rences politiques en \u00e9tant force de propositions sur de nombreux textes. Malheureusement, nous n&rsquo;avons \u00e9t\u00e9 que tr\u00e8s rarement entendus. Le Gouvernement et la majorit\u00e9 s\u00e9natoriale sont bien trop souvent rest\u00e9s sourds, voire totalement herm\u00e9tiques, \u00e0 nos propositions. Cette attitude a in\u00e9vitablement nuit \u00e0 la qualit\u00e9 des d\u00e9bats et des r\u00e9formes men\u00e9es cette ann\u00e9e.<\/p>\n<p>Au sein de la Commission de l&rsquo;\u00e9conomie, du d\u00e9veloppement durable et de l&rsquo;am\u00e9nagement du territoire (CEDDAT), je me suis particuli\u00e8rement mobilis\u00e9e sur des questions relatives \u00e0 l&rsquo;agriculture, l&rsquo;\u00e9nergie, l&rsquo;Europe, la politique foresti\u00e8re ou encore la ruralit\u00e9&#8230; Je suis \u00e9galement intervenue \u00e0 plusieurs reprises sur des questions \u00e9ducatives, notamment pour d\u00e9noncer la carte scolaire 2011-12 pour la r\u00e9gion Limousin qui acte la suppression de postes d&rsquo;enseignants et la fermeture de fili\u00e8res g\u00e9n\u00e9rales et professionnelles dans nos lyc\u00e9es.<\/p>\n<p>Au mois de juin, avec mon coll\u00e8gue Jean-Jacques Lozach nous avons d\u00e9pos\u00e9 une proposition de loi visant \u00e0 instaurer un nouveau pacte territorial. Notre objectif \u00e9tait d&rsquo;apporter des r\u00e9ponses \u00e0 l&rsquo;aggravation des in\u00e9galit\u00e9s \u00e9conomiques et territoriales dans notre pays, en donnant aux territoires ruraux de v\u00e9ritables outils pour se d\u00e9velopper harmonieusement. Ce texte a profond\u00e9ment embarrass\u00e9 le Gouvernement et la majorit\u00e9 qui, se retrouvant face \u00e0 l&rsquo;ineptie de certaines de leurs r\u00e9formes (\u00e0 commencer par la RGPP), ont pr\u00e9f\u00e9r\u00e9 refuser le d\u00e9bat en votant un renvoi en commission. Je regrette profond\u00e9ment cette attitude peu respectueuse de nos territoires et de nos concitoyens, et \u00f4 combien \u00e9loign\u00e9e des r\u00e9alit\u00e9s locales. (&#8230;)<\/p>\n","protected":false},"author":9,"featured_media":0,"comment_status":"closed","ping_status":"closed","sticky":false,"template":"","format":"standard","meta":{"footnotes":""},"categories":[4],"tags":[],"class_list":["post-1713","post","type-post","status-publish","format-standard","hentry","category-actualite"],"_links":{"self":[{"href":"https:\/\/www.reneenicoux.fr\/index.php?rest_route=\/wp\/v2\/posts\/1713","targetHints":{"allow":["GET"]}}],"collection":[{"href":"https:\/\/www.reneenicoux.fr\/index.php?rest_route=\/wp\/v2\/posts"}],"about":[{"href":"https:\/\/www.reneenicoux.fr\/index.php?rest_route=\/wp\/v2\/types\/post"}],"author":[{"embeddable":true,"href":"https:\/\/www.reneenicoux.fr\/index.php?rest_route=\/wp\/v2\/users\/9"}],"replies":[{"embeddable":true,"href":"https:\/\/www.reneenicoux.fr\/index.php?rest_route=%2Fwp%2Fv2%2Fcomments&post=1713"}],"version-history":[{"count":4,"href":"https:\/\/www.reneenicoux.fr\/index.php?rest_route=\/wp\/v2\/posts\/1713\/revisions"}],"predecessor-version":[{"id":1717,"href":"https:\/\/www.reneenicoux.fr\/index.php?rest_route=\/wp\/v2\/posts\/1713\/revisions\/1717"}],"wp:attachment":[{"href":"https:\/\/www.reneenicoux.fr\/index.php?rest_route=%2Fwp%2Fv2%2Fmedia&parent=1713"}],"wp:term":[{"taxonomy":"category","embeddable":true,"href":"https:\/\/www.reneenicoux.fr\/index.php?rest_route=%2Fwp%2Fv2%2Fcategories&post=1713"},{"taxonomy":"post_tag","embeddable":true,"href":"https:\/\/www.reneenicoux.fr\/index.php?rest_route=%2Fwp%2Fv2%2Ftags&post=1713"}],"curies":[{"name":"wp","href":"https:\/\/api.w.org\/{rel}","templated":true}]}}