{"id":1719,"date":"2011-08-23T16:38:52","date_gmt":"2011-08-23T14:38:52","guid":{"rendered":"https:\/\/www.reneenicoux.fr\/?p=1719"},"modified":"2011-08-23T18:29:11","modified_gmt":"2011-08-23T16:29:11","slug":"augmentation-du-tarif-de-lelectricite-2","status":"publish","type":"post","link":"https:\/\/www.reneenicoux.fr\/?p=1719","title":{"rendered":"Augmentation du tarif de l&rsquo;\u00e9lectricit\u00e9"},"content":{"rendered":"<p style=\"text-align: justify;\">Le 2 septembre 2010, j&rsquo;ai d\u00e9pos\u00e9 une question \u00e9crite dans laquelle j&rsquo;interpellais le Gouvernement sur les difficult\u00e9s croissantes des fran\u00e7ais \u00e0 s&rsquo;acquitter de leurs factures d&rsquo;\u00e9lectricit\u00e9 et sur la n\u00e9cessit\u00e9 de mettre en place une tarification plus juste et \u00e9quitable.<\/p>\n<p style=\"text-align: justify;\">Pr\u00e8s d&rsquo;un an apr\u00e8s, une r\u00e9ponse m&rsquo;a enfin \u00e9t\u00e9 apport\u00e9e. Dans celle-ci, le Ministre confirme, une nouvelle fois, qu&rsquo;une hausse du prix de l&rsquo;\u00e9lectricit\u00e9 pour les m\u00e9nages est envisag\u00e9e, \u00e0 hauteur de \u00ab\u00a02,9% pour les douze prochains mois\u00a0\u00bb !<\/p>\n<p><a href=\"http:\/\/www.senat.fr\/basile\/visio.do?id=qSEQ100914946&amp;idtable=q238893|q237276|q237274|q236108|q236113|q235624|q232376|q231725|q229751|q225957&amp;_s=09012S&amp;rch=qa&amp;de=19780101&amp;au=20110823&amp;dp=1+an&amp;radio=deau&amp;appr=text&amp;aff=ar&amp;tri=dd&amp;off=10&amp;afd=ppr&amp;afd=ppl&amp;afd=pjl&amp;afd=cvn\" target=\"_blank\">Voici l&rsquo;int\u00e9gralit\u00e9 de la r\u00e9ponse du Ministre.<\/a><\/p>\n","protected":false},"excerpt":{"rendered":"<p style=\"text-align: justify;\">Le 2 septembre 2010, j&rsquo;ai d\u00e9pos\u00e9 une question \u00e9crite dans laquelle j&rsquo;interpellais le Gouvernement sur les difficult\u00e9s croissantes des fran\u00e7ais \u00e0 s&rsquo;acquitter de leurs factures d&rsquo;\u00e9lectricit\u00e9 et sur la n\u00e9cessit\u00e9 de mettre en place une tarification plus juste et \u00e9quitable.<\/p>\n<p style=\"text-align: justify;\">Pr\u00e8s d&rsquo;un an apr\u00e8s, une r\u00e9ponse m&rsquo;a enfin \u00e9t\u00e9 apport\u00e9e. Dans celle-ci, le Ministre confirme, une nouvelle fois, qu&rsquo;une hausse du prix de l&rsquo;\u00e9lectricit\u00e9 pour les m\u00e9nages est envisag\u00e9e, \u00e0 hauteur de \u00ab\u00a02,9% pour les douze prochains mois\u00a0\u00bb !<\/p>\n<p><a href=\"http:\/\/www.senat.fr\/basile\/visio.do?id=qSEQ100914946&amp;idtable=q238893|q237276|q237274|q236108|q236113|q235624|q232376|q231725|q229751|q225957&amp;_s=09012S&amp;rch=qa&amp;de=19780101&amp;au=20110823&amp;dp=1+an&amp;radio=deau&amp;appr=text&amp;aff=ar&amp;tri=dd&amp;off=10&amp;afd=ppr&amp;afd=ppl&amp;afd=pjl&amp;afd=cvn\" target=\"_blank\">Voici l&rsquo;int\u00e9gralit\u00e9 de la r\u00e9ponse du Ministre.<\/a><\/p>\n","protected":false},"author":5,"featured_media":0,"comment_status":"closed","ping_status":"closed","sticky":false,"template":"","format":"standard","meta":{"footnotes":""},"categories":[4,21],"tags":[],"class_list":["post-1719","post","type-post","status-publish","format-standard","hentry","category-actualite","category-energie"],"_links":{"self":[{"href":"https:\/\/www.reneenicoux.fr\/index.php?rest_route=\/wp\/v2\/posts\/1719","targetHints":{"allow":["GET"]}}],"collection":[{"href":"https:\/\/www.reneenicoux.fr\/index.php?rest_route=\/wp\/v2\/posts"}],"about":[{"href":"https:\/\/www.reneenicoux.fr\/index.php?rest_route=\/wp\/v2\/types\/post"}],"author":[{"embeddable":true,"href":"https:\/\/www.reneenicoux.fr\/index.php?rest_route=\/wp\/v2\/users\/5"}],"replies":[{"embeddable":true,"href":"https:\/\/www.reneenicoux.fr\/index.php?rest_route=%2Fwp%2Fv2%2Fcomments&post=1719"}],"version-history":[{"count":9,"href":"https:\/\/www.reneenicoux.fr\/index.php?rest_route=\/wp\/v2\/posts\/1719\/revisions"}],"predecessor-version":[{"id":1748,"href":"https:\/\/www.reneenicoux.fr\/index.php?rest_route=\/wp\/v2\/posts\/1719\/revisions\/1748"}],"wp:attachment":[{"href":"https:\/\/www.reneenicoux.fr\/index.php?rest_route=%2Fwp%2Fv2%2Fmedia&parent=1719"}],"wp:term":[{"taxonomy":"category","embeddable":true,"href":"https:\/\/www.reneenicoux.fr\/index.php?rest_route=%2Fwp%2Fv2%2Fcategories&post=1719"},{"taxonomy":"post_tag","embeddable":true,"href":"https:\/\/www.reneenicoux.fr\/index.php?rest_route=%2Fwp%2Fv2%2Ftags&post=1719"}],"curies":[{"name":"wp","href":"https:\/\/api.w.org\/{rel}","templated":true}]}}