{"id":1723,"date":"2011-08-23T16:37:47","date_gmt":"2011-08-23T14:37:47","guid":{"rendered":"https:\/\/www.reneenicoux.fr\/?p=1723"},"modified":"2011-08-23T16:48:22","modified_gmt":"2011-08-23T14:48:22","slug":"reconnaissance-de-la-profession-de-sage-femme-2","status":"publish","type":"post","link":"https:\/\/www.reneenicoux.fr\/?p=1723","title":{"rendered":"Reconnaissance de la profession de sage-femme"},"content":{"rendered":"<p>Le 2 juin dernier, j&rsquo;ai d\u00e9pos\u00e9 une question \u00e9crite au Gouvernement dans laquelle je relayais les pr\u00e9occupations de la profession de sage-femme, en mal de reconnaissance \u00e0 l&rsquo;heure o\u00f9 de plus en plus de comp\u00e9tences leurs sont demand\u00e9es.<\/p>\n<p>Une r\u00e9ponse m&rsquo;a \u00e9t\u00e9 apport\u00e9e le 11 aout dernier. Dans celle-ci, la Secr\u00e9taire d&rsquo;\u00c9tat charg\u00e9e de la Sant\u00e9 m&rsquo;indique que cette profession a d\u00e9j\u00e0 b\u00e9n\u00e9fici\u00e9 de \u00ab\u00a0revalorisations substantielles\u00a0\u00bb. Ainsi, la nouvelle convention nationale du 11 octobre 2007 et les discussions conventionnelles en cours avec la profession sur la base des orientations vot\u00e9es par le conseil de l&rsquo;UNCAM le 20 octobre 2009, r\u00e9pondent, selon elle, aux attentes de la profession.<\/p>\n<p><a href=\"http:\/\/www.senat.fr\/basile\/visio.do?id=qSEQ110618766&amp;idtable=q242204|q241633|q241636|q241637|q240930|q240201|q239939|q239960|q239136|q238828&amp;_s=09012S&amp;rch=qa&amp;de=19780101&amp;au=20110823&amp;dp=1+an&amp;radio=deau&amp;appr=text&amp;aff=ar&amp;tri=dd&amp;off=0&amp;afd=ppr&amp;afd=ppl&amp;afd=pjl&amp;afd=cvn\" target=\"_blank\">Je vous prie de prendre connaissance de l&rsquo;int\u00e9gralit\u00e9 de la r\u00e9ponse en cliquant sur le pr\u00e9sent lien<\/a><\/p>\n","protected":false},"excerpt":{"rendered":"<p>Le 2 juin dernier, j&rsquo;ai d\u00e9pos\u00e9 une question \u00e9crite au Gouvernement dans laquelle je relayais les pr\u00e9occupations de la profession de sage-femme, en mal de reconnaissance \u00e0 l&rsquo;heure o\u00f9 de plus en plus de comp\u00e9tences leurs sont demand\u00e9es.<\/p>\n<p>Une r\u00e9ponse m&rsquo;a \u00e9t\u00e9 apport\u00e9e le 11 aout dernier. Dans celle-ci, la Secr\u00e9taire d&rsquo;\u00c9tat charg\u00e9e de la Sant\u00e9 m&rsquo;indique que cette profession a d\u00e9j\u00e0 b\u00e9n\u00e9fici\u00e9 de \u00ab\u00a0revalorisations substantielles\u00a0\u00bb. Ainsi, la nouvelle convention nationale du 11 octobre 2007 et les discussions conventionnelles en cours avec la profession sur la base des orientations vot\u00e9es par le conseil de l&rsquo;UNCAM le 20 octobre 2009, r\u00e9pondent, selon elle, aux attentes de la profession.<\/p>\n<p><a href=\"http:\/\/www.senat.fr\/basile\/visio.do?id=qSEQ110618766&amp;idtable=q242204|q241633|q241636|q241637|q240930|q240201|q239939|q239960|q239136|q238828&amp;_s=09012S&amp;rch=qa&amp;de=19780101&amp;au=20110823&amp;dp=1+an&amp;radio=deau&amp;appr=text&amp;aff=ar&amp;tri=dd&amp;off=0&amp;afd=ppr&amp;afd=ppl&amp;afd=pjl&amp;afd=cvn\" target=\"_blank\">Je vous prie de prendre connaissance de l&rsquo;int\u00e9gralit\u00e9 de la r\u00e9ponse en cliquant sur le pr\u00e9sent lien<\/a><\/p>\n","protected":false},"author":5,"featured_media":0,"comment_status":"closed","ping_status":"closed","sticky":false,"template":"","format":"standard","meta":{"footnotes":""},"categories":[14],"tags":[],"class_list":["post-1723","post","type-post","status-publish","format-standard","hentry","category-sante"],"_links":{"self":[{"href":"https:\/\/www.reneenicoux.fr\/index.php?rest_route=\/wp\/v2\/posts\/1723","targetHints":{"allow":["GET"]}}],"collection":[{"href":"https:\/\/www.reneenicoux.fr\/index.php?rest_route=\/wp\/v2\/posts"}],"about":[{"href":"https:\/\/www.reneenicoux.fr\/index.php?rest_route=\/wp\/v2\/types\/post"}],"author":[{"embeddable":true,"href":"https:\/\/www.reneenicoux.fr\/index.php?rest_route=\/wp\/v2\/users\/5"}],"replies":[{"embeddable":true,"href":"https:\/\/www.reneenicoux.fr\/index.php?rest_route=%2Fwp%2Fv2%2Fcomments&post=1723"}],"version-history":[{"count":7,"href":"https:\/\/www.reneenicoux.fr\/index.php?rest_route=\/wp\/v2\/posts\/1723\/revisions"}],"predecessor-version":[{"id":1743,"href":"https:\/\/www.reneenicoux.fr\/index.php?rest_route=\/wp\/v2\/posts\/1723\/revisions\/1743"}],"wp:attachment":[{"href":"https:\/\/www.reneenicoux.fr\/index.php?rest_route=%2Fwp%2Fv2%2Fmedia&parent=1723"}],"wp:term":[{"taxonomy":"category","embeddable":true,"href":"https:\/\/www.reneenicoux.fr\/index.php?rest_route=%2Fwp%2Fv2%2Fcategories&post=1723"},{"taxonomy":"post_tag","embeddable":true,"href":"https:\/\/www.reneenicoux.fr\/index.php?rest_route=%2Fwp%2Fv2%2Ftags&post=1723"}],"curies":[{"name":"wp","href":"https:\/\/api.w.org\/{rel}","templated":true}]}}