{"id":1725,"date":"2011-08-14T16:28:06","date_gmt":"2011-08-14T14:28:06","guid":{"rendered":"https:\/\/www.reneenicoux.fr\/?p=1725"},"modified":"2011-08-24T13:47:01","modified_gmt":"2011-08-24T11:47:01","slug":"inquietudes-des-salaries-de-lentreprise-madrange-a-limoges","status":"publish","type":"post","link":"https:\/\/www.reneenicoux.fr\/?p=1725","title":{"rendered":"Inqui\u00e8tudes des salari\u00e9s de l&rsquo;entreprise Madrange \u00e0 Limoges"},"content":{"rendered":"<p>Inqui\u00e8te de l&rsquo;avenir des salari\u00e9s de l&rsquo;entreprise Madrange\u00a0\u00e0 Limoges, j&rsquo;ai d\u00e9pos\u00e9 une question \u00e9crite le 2 juin dernier au Ministre charg\u00e9 de l&rsquo;industrie, de l&rsquo;\u00e9nergie et de l&rsquo;\u00e9conomie num\u00e9rique afin qu&rsquo;il me confirme que le rachat de la soci\u00e9t\u00e9 ne donnera pas lieu \u00e0 une suppression d&#8217;emploi.<\/p>\n<p>Dans une r\u00e9ponse du 11 ao\u00fbt, le Ministre indique que la solution retenue sera \u00a0\u00bb respectueuse de l&#8217;emploi puisque tous les sites de production de Madrange seraient conserv\u00e9s\u00a0\u00bb.\u00a0J&rsquo;esp\u00e8re donc qu&rsquo;il en sera effectivement le cas.<\/p>\n<p><a href=\"http:\/\/www.senat.fr\/basile\/visio.do?id=qSEQ110618763&amp;idtable=q242204|q241633|q241636|q241637|q240930|q240201|q239939|q239960|q239136|q238828&amp;_s=09012S&amp;rch=qa&amp;de=19780101&amp;au=20110823&amp;dp=1+an&amp;radio=deau&amp;appr=text&amp;aff=ar&amp;tri=dd&amp;off=0&amp;afd=ppr&amp;afd=ppl&amp;afd=pjl&amp;afd=cvn\" target=\"_blank\">Voici l&rsquo;int\u00e9gralit\u00e9 de la r\u00e9ponse du Ministre.<\/a><\/p>\n","protected":false},"excerpt":{"rendered":"<p>Inqui\u00e8te de l&rsquo;avenir des salari\u00e9s de l&rsquo;entreprise Madrange \u00e0 Limoges, j&rsquo;ai d\u00e9pos\u00e9 une question \u00e9crite le 2 juin dernier au Ministre charg\u00e9 de l&rsquo;industrie, de l&rsquo;\u00e9nergie et de l&rsquo;\u00e9conomie num\u00e9rique afin qu&rsquo;il me confirme que le rachat de la soci\u00e9t\u00e9 ne donnera pas lieu \u00e0 une suppression d&#8217;emploi.<\/p>\n<p>Dans une r\u00e9ponse du 11 ao\u00fbt, le Ministre indique que la solution retenue sera \u00a0\u00bb respectueuse de l&#8217;emploi puisque tous les sites de production de Madrange seraient conserv\u00e9s\u00a0\u00bb. J&rsquo;esp\u00e8re donc qu&rsquo;il en sera effectivement le cas.<\/p>\n<p><a href=\"http:\/\/www.senat.fr\/basile\/visio.do?id=qSEQ110618763&amp;idtable=q242204|q241633|q241636|q241637|q240930|q240201|q239939|q239960|q239136|q238828&amp;_s=09012S&amp;rch=qa&amp;de=19780101&amp;au=20110823&amp;dp=1+an&amp;radio=deau&amp;appr=text&amp;aff=ar&amp;tri=dd&amp;off=0&amp;afd=ppr&amp;afd=ppl&amp;afd=pjl&amp;afd=cvn\" target=\"_blank\">Voici l&rsquo;int\u00e9gralit\u00e9 de la r\u00e9ponse du Ministre.<\/a><\/p>\n","protected":false},"author":5,"featured_media":0,"comment_status":"closed","ping_status":"closed","sticky":false,"template":"","format":"standard","meta":{"footnotes":""},"categories":[4],"tags":[],"class_list":["post-1725","post","type-post","status-publish","format-standard","hentry","category-actualite"],"_links":{"self":[{"href":"https:\/\/www.reneenicoux.fr\/index.php?rest_route=\/wp\/v2\/posts\/1725","targetHints":{"allow":["GET"]}}],"collection":[{"href":"https:\/\/www.reneenicoux.fr\/index.php?rest_route=\/wp\/v2\/posts"}],"about":[{"href":"https:\/\/www.reneenicoux.fr\/index.php?rest_route=\/wp\/v2\/types\/post"}],"author":[{"embeddable":true,"href":"https:\/\/www.reneenicoux.fr\/index.php?rest_route=\/wp\/v2\/users\/5"}],"replies":[{"embeddable":true,"href":"https:\/\/www.reneenicoux.fr\/index.php?rest_route=%2Fwp%2Fv2%2Fcomments&post=1725"}],"version-history":[{"count":6,"href":"https:\/\/www.reneenicoux.fr\/index.php?rest_route=\/wp\/v2\/posts\/1725\/revisions"}],"predecessor-version":[{"id":1751,"href":"https:\/\/www.reneenicoux.fr\/index.php?rest_route=\/wp\/v2\/posts\/1725\/revisions\/1751"}],"wp:attachment":[{"href":"https:\/\/www.reneenicoux.fr\/index.php?rest_route=%2Fwp%2Fv2%2Fmedia&parent=1725"}],"wp:term":[{"taxonomy":"category","embeddable":true,"href":"https:\/\/www.reneenicoux.fr\/index.php?rest_route=%2Fwp%2Fv2%2Fcategories&post=1725"},{"taxonomy":"post_tag","embeddable":true,"href":"https:\/\/www.reneenicoux.fr\/index.php?rest_route=%2Fwp%2Fv2%2Ftags&post=1725"}],"curies":[{"name":"wp","href":"https:\/\/api.w.org\/{rel}","templated":true}]}}