{"id":1752,"date":"2011-08-25T11:43:52","date_gmt":"2011-08-25T09:43:52","guid":{"rendered":"https:\/\/www.reneenicoux.fr\/?p=1752"},"modified":"2011-08-25T11:46:26","modified_gmt":"2011-08-25T09:46:26","slug":"duree-dengagement-des-abonnees-en-telephonie-mobile-le-gouvernement-reste-sourd-aux-demandes-de-lufc-que-choisir","status":"publish","type":"post","link":"https:\/\/www.reneenicoux.fr\/?p=1752","title":{"rendered":"Dur\u00e9e d&rsquo;engagement des abonn\u00e9es en t\u00e9l\u00e9phonie mobile : le Gouvernement reste sourd aux demandes de l&rsquo;UFC-Que-Choisir"},"content":{"rendered":"<p style=\"text-align: justify;\">Relayant les attentes de l&rsquo;UFC-Que-Choisir en mati\u00e8re de dur\u00e9e d&rsquo;engagement des abonn\u00e9s en t\u00e9l\u00e9phonie mobile, j&rsquo;ai d\u00e9pos\u00e9 une question \u00e9crite le 16 juin dernier. Dans celle-ci, je faisais part au Gouvernement de la n\u00e9cessit\u00e9 de r\u00e9duire la dur\u00e9e maximale d&rsquo;engagement des contrats \u00e0 12 mois afin de dynamiser la concurrence, favoriser l&rsquo;arriv\u00e9e sur le march\u00e9 de nouveaux op\u00e9rateurs et donc, renforcer la mobilit\u00e9 des consommateurs.<\/p>\n<p style=\"text-align: justify;\">Le Gouvernement vient de m&rsquo;apporter une r\u00e9ponse. Cette derni\u00e8re est insatisfaisante et ne prend pas en compte les attentes des abonn\u00e9s. Je vous prie d&rsquo;en prendre connaissance ci-dessous.<\/p>\n<h3 style=\"text-align: center;\"><strong><span style=\"text-decoration: underline;\">Dur\u00e9e d&rsquo;engagement des abonn\u00e9s de t\u00e9l\u00e9phonie mobile<\/span><\/strong><\/h3>\n<p style=\"text-align: justify;\"><span style=\"text-decoration: underline;\">Question n\u00b0 18993 adress\u00e9e \u00e0 M. le secr\u00e9taire d&rsquo;\u00c9tat charg\u00e9 du commerce, de l&rsquo;artisanat, des petites et moyennes entreprises, du tourisme, des services, des professions lib\u00e9rales et de la consommation<\/span><br \/>\n<em>Publi\u00e9e le : 16\/06\/2011<\/em><\/p>\n<p>Texte de la question :<\/p>\n<p>Mme Ren\u00e9e Nicoux attire l&rsquo;attention de M. le secr\u00e9taire d&rsquo;\u00c9tat charg\u00e9 du commerce, de l&rsquo;artisanat, des petites et moyennes entreprises, du tourisme, des services, des professions lib\u00e9rales et de la consommation sur la question de la dur\u00e9e d&rsquo;engagement pour les souscripteurs d&rsquo;un abonnement de t\u00e9l\u00e9phonie mobile. Actuellement, 75 % des abonn\u00e9s souscrivent un engagement de deux ans, ce qui freine significativement leur mobilit\u00e9 et donc la concurrence dans le secteur de la t\u00e9l\u00e9phonie mobile. \u00c0 ce titre, le dernier observatoire trimestriel de l&rsquo;Autorit\u00e9 de r\u00e9gulation des communications \u00e9lectroniques et des postes (ARCEP) est pour le moins instructif. Il montre la perc\u00e9e des MVNO (op\u00e9rateurs de r\u00e9seau mobile virtuel) sur le march\u00e9. Apr\u00e8s avoir longtemps stagn\u00e9, la part de march\u00e9 de ces nouveaux op\u00e9rateurs vient d&rsquo;atteindre 9,87 % des particuliers, gr\u00e2ce \u00e0 une forte progression fin 2010 et d\u00e9but 2011. Si l&rsquo;offre des MVNO s&rsquo;est significativement am\u00e9lior\u00e9e, cette hausse s&rsquo;explique aussi par l&rsquo;opportunit\u00e9, pour certains consommateurs, de r\u00e9silier leur abonnement suite \u00e0 la hausse de la TVA. Ainsi, les MVNO ont enregistr\u00e9 570 000 abonn\u00e9s suppl\u00e9mentaires entre d\u00e9cembre 2010 et mars 2011, contre une perte de 524 000 pour les trois op\u00e9rateurs de r\u00e9seau. L&rsquo;occasion de r\u00e9silier sans frais a en effet \u00e9t\u00e9 saisie par nombre de consommateurs. La rapide progression des MVNO \u00e0 cette occasion montre donc que la fid\u00e9lit\u00e9 des abonn\u00e9s est contrainte. C&rsquo;est pourquoi il semblerait opportun de r\u00e9duire la dur\u00e9e maximale d&rsquo;engagement \u00e0 12 mois au lieu de 24, mesure recommand\u00e9e par l&rsquo;ARCEP d\u00e8s 2006, afin de dynamiser la concurrence et favoriser l&rsquo;arriv\u00e9e prochaine sur le march\u00e9 de nouveaux op\u00e9rateurs. La discussion prochaine du projet de loi visant \u00e0 renforcer les droits et la protection des consommateurs fournit un v\u00e9hicule l\u00e9gislatif adapt\u00e9 \u00e0 cette question. Elle souhaiterait donc connaitre les intentions du Gouvernement \u00e0 ce sujet.<\/p>\n<p><span style=\"text-decoration: underline;\">R\u00e9ponse de M. le secr\u00e9taire d&rsquo;\u00c9tat charg\u00e9 du commerce, de l&rsquo;artisanat, des petites et moyennes entreprises, du tourisme, des services, des professions lib\u00e9rales et de la consommation<\/span><br \/>\n<em>\u00c0 publier le : 25\/08\/2011, page 2203<\/em><\/p>\n<p>Texte de la r\u00e9ponse :<\/p>\n<p>L&rsquo;encadrement \u00e0 douze mois des dur\u00e9es minimales d&rsquo;engagement des contrats de services de communications \u00e9lectroniques pourrait aller \u00e0 l&rsquo;encontre des int\u00e9r\u00eats des consommateurs. Plus pr\u00e9cis\u00e9ment, cet encadrement pourrait conduire \u00e0 une augmentation des prix, en particulier dans l&rsquo;hypoth\u00e8se o\u00f9 les consommateurs se verraient proposer une moindre subvention des terminaux. En effet, les dur\u00e9es d&rsquo;engagement contribuent pour certains op\u00e9rateurs \u00e0 l&rsquo;amortissement du co\u00fbt d&rsquo;acquisition des clients. En outre, la question de la r\u00e9duction des dur\u00e9es minimales d&rsquo;engagement a d\u00e9j\u00e0 \u00e9t\u00e9 trait\u00e9e dans le cadre de la loi n\u00b0\u00a02008-3 du 3\u00a0janvier\u00a02008 pour le d\u00e9veloppement de la concurrence au service des consommateurs. Cette loi encadre doublement les dur\u00e9es minimales d&rsquo;engagement. Tout d&rsquo;abord, elle interdit les dur\u00e9es d&rsquo;engagement exc\u00e9dant vingt-quatre mois. Elle oblige ensuite les op\u00e9rateurs \u00e0 proposer aux consommateurs, pour toute offre assortie d&rsquo;une dur\u00e9e d&rsquo;engagement exc\u00e9dant douze mois, la m\u00eame offre comportant des dur\u00e9es d&rsquo;engagement n&rsquo;exc\u00e9dant pas douze mois, tout en reconnaissant que ces derni\u00e8res pourront \u00eatre plus ch\u00e8res. \u00c0 ce titre, des offres comportant des dur\u00e9es d&rsquo;engagement de douze mois sont donc d\u00e9j\u00e0 syst\u00e9matiquement commercialis\u00e9es. Enfin, un projet de loi renfor\u00e7ant les droits, la protection et l&rsquo;information des consommateurs a \u00e9t\u00e9 d\u00e9pos\u00e9 au Parlement. Il accentue encore les mesures pr\u00e9vues par la loi du 3\u00a0janvier\u00a02008 en pr\u00e9voyant qu&rsquo;une offre sans engagement sera disponible chez chaque op\u00e9rateur pour chaque cat\u00e9gorie de services de communications \u00e9lectroniques.<\/p>\n","protected":false},"excerpt":{"rendered":"<p style=\"text-align: justify;\">Relayant les attentes de l&rsquo;UFC-Que-Choisir en mati\u00e8re de dur\u00e9e d&rsquo;engagement des abonn\u00e9s en t\u00e9l\u00e9phonie mobile, j&rsquo;ai d\u00e9pos\u00e9 une question \u00e9crite le 16 juin dernier. Dans celle-ci, je faisais part au Gouvernement de la n\u00e9cessit\u00e9 de r\u00e9duire la dur\u00e9e maximale d&rsquo;engagement des contrats \u00e0 12 mois afin de dynamiser la concurrence, favoriser l&rsquo;arriv\u00e9e sur le march\u00e9 de nouveaux op\u00e9rateurs et donc, renforcer la mobilit\u00e9 des consommateurs.<\/p>\n<p style=\"text-align: justify;\">Le Gouvernement vient de m&rsquo;apporter une r\u00e9ponse. Cette derni\u00e8re est insatisfaisante et ne prend pas en compte les attentes des abonn\u00e9s. Je vous prie d&rsquo;en prendre connaissance ci-dessous.<\/p>\n","protected":false},"author":5,"featured_media":0,"comment_status":"closed","ping_status":"closed","sticky":false,"template":"","format":"standard","meta":{"footnotes":""},"categories":[4,11],"tags":[],"class_list":["post-1752","post","type-post","status-publish","format-standard","hentry","category-actualite","category-tic"],"_links":{"self":[{"href":"https:\/\/www.reneenicoux.fr\/index.php?rest_route=\/wp\/v2\/posts\/1752","targetHints":{"allow":["GET"]}}],"collection":[{"href":"https:\/\/www.reneenicoux.fr\/index.php?rest_route=\/wp\/v2\/posts"}],"about":[{"href":"https:\/\/www.reneenicoux.fr\/index.php?rest_route=\/wp\/v2\/types\/post"}],"author":[{"embeddable":true,"href":"https:\/\/www.reneenicoux.fr\/index.php?rest_route=\/wp\/v2\/users\/5"}],"replies":[{"embeddable":true,"href":"https:\/\/www.reneenicoux.fr\/index.php?rest_route=%2Fwp%2Fv2%2Fcomments&post=1752"}],"version-history":[{"count":3,"href":"https:\/\/www.reneenicoux.fr\/index.php?rest_route=\/wp\/v2\/posts\/1752\/revisions"}],"predecessor-version":[{"id":1754,"href":"https:\/\/www.reneenicoux.fr\/index.php?rest_route=\/wp\/v2\/posts\/1752\/revisions\/1754"}],"wp:attachment":[{"href":"https:\/\/www.reneenicoux.fr\/index.php?rest_route=%2Fwp%2Fv2%2Fmedia&parent=1752"}],"wp:term":[{"taxonomy":"category","embeddable":true,"href":"https:\/\/www.reneenicoux.fr\/index.php?rest_route=%2Fwp%2Fv2%2Fcategories&post=1752"},{"taxonomy":"post_tag","embeddable":true,"href":"https:\/\/www.reneenicoux.fr\/index.php?rest_route=%2Fwp%2Fv2%2Ftags&post=1752"}],"curies":[{"name":"wp","href":"https:\/\/api.w.org\/{rel}","templated":true}]}}