{"id":2146,"date":"2012-01-29T15:45:22","date_gmt":"2012-01-29T13:45:22","guid":{"rendered":"https:\/\/www.reneenicoux.fr\/?p=2146"},"modified":"2012-02-08T16:09:04","modified_gmt":"2012-02-08T14:09:04","slug":"depot-dune-question-ecrite-sur-le-maintien-de-lenseignement-de-lhistoire-geographie-en-terminale-s","status":"publish","type":"post","link":"https:\/\/www.reneenicoux.fr\/?p=2146","title":{"rendered":"D\u00e9p\u00f4t d&rsquo;une question \u00e9crite sur le maintien de l&rsquo;enseignement de l&rsquo;Histoire-g\u00e9ographie en Terminale S"},"content":{"rendered":"<p><strong><em>Question \u00e9crite n\u00b0 22063 de Mme Ren\u00e9e Nicoux (Creuse &#8211; SOC)<\/em><\/strong><br \/>\n<em> publi\u00e9e dans le JO S\u00e9nat du 26\/01\/2012 &#8211; page 230<\/em><\/p>\n<p style=\"text-align: justify;\"><em><\/em>Mme Ren\u00e9e Nicoux attire l&rsquo;attention de M. le ministre de l&rsquo;\u00e9ducation nationale, de la jeunesse et de la vie associative sur la d\u00e9gradation des enseignements d&rsquo;histoire-g\u00e9ographie dans le second degr\u00e9 et sur la tenue des \u00e9tats g\u00e9n\u00e9raux de l&rsquo;histoire et de la g\u00e9ographie pour refonder l&rsquo;\u00e9cole et la citoyennet\u00e9 r\u00e9publicaines, le 28 janvier 2012 \u00e0 Paris.<\/p>\n<p style=\"text-align: justify;\">Depuis l&rsquo;annonce de la suppression des enseignements obligatoires d&rsquo;histoire et de g\u00e9ographie dans les programmes en terminale scientifique, la mobilisation des enseignants, du monde universitaire mais aussi d&rsquo;une partie la soci\u00e9t\u00e9 civile n&rsquo;a cess\u00e9 de s&rsquo;intensifier.<\/p>\n<p style=\"text-align: justify;\">C&rsquo;est pourquoi, l&rsquo;Association des professeurs d&rsquo;histoire et de g\u00e9ographie (APHG) a d\u00e9cid\u00e9 d&rsquo;organiser des \u00e9tats g\u00e9n\u00e9raux de l&rsquo;histoire et de la g\u00e9ographie afin de faire entendre une nouvelle fois leur voix et de r\u00e9affirmer la n\u00e9cessit\u00e9 imp\u00e9rieuse de maintenir l&rsquo;enseignement obligatoire de ces deux mati\u00e8res dans les programmes scolaires.<\/p>\n<p style=\"text-align: justify;\">En effet, l&rsquo;histoire et la g\u00e9ographie sont des enseignements indispensables \u00e0 la compr\u00e9hension du monde d&rsquo;aujourd&rsquo;hui tant sur des probl\u00e9matiques politiques qu&rsquo;\u00e9conomiques ou sociales, et participent ind\u00e9niablement \u00e0 la construction de l&rsquo;esprit citoyen.<\/p>\n<p style=\"text-align: justify;\">Par ailleurs, la suppression de ces enseignements en terminale S n&rsquo;est pas sans cr\u00e9er de d\u00e9s\u00e9quilibre fondamental dans l&rsquo;\u00e9laboration des programmes de 1\u00e8re S \u00e9tant donn\u00e9 qu&rsquo;il faudra d\u00e9livrer le contenu de deux ann\u00e9es de formation en une seule. Les programmes vont donc devenir trop lourds, voire inapplicables et ce, au d\u00e9triment de leur coh\u00e9rence et de leur qualit\u00e9.<\/p>\n<p style=\"text-align: justify;\">En outre, l&rsquo;APHG indique que la promesse du Gouvernement de cr\u00e9er une option cens\u00e9e remplacer ces deux enseignements ne sera pas n\u00e9cessairement offerte par tous les \u00e9tablissements car \u00e0 la discr\u00e9tion des recteurs d&rsquo;acad\u00e9mie.<\/p>\n<p style=\"text-align: justify;\">Elle souhaiterait donc savoir s&rsquo;il entend enfin tenir compte des revendications l\u00e9gitimes qui seront exprim\u00e9es \u00e0 l&rsquo;occasion des \u00e9tats g\u00e9n\u00e9raux de l&rsquo;histoire et de la g\u00e9ographie du 28 janvier 2012, en actant notamment le principe d&rsquo;un enseignement obligatoire de ces deux mati\u00e8res dans les classes de terminale scientifique.<\/p>\n<p style=\"text-align: justify;\"><em>En attente de r\u00e9ponse du Minist\u00e8re de l&rsquo;\u00e9ducation nationale, de la jeunesse et de la vie associative<\/em><\/p>\n","protected":false},"excerpt":{"rendered":"<p><strong><em>Question \u00e9crite n\u00b0 22063 de Mme Ren\u00e9e Nicoux (Creuse &#8211; SOC)<\/em><\/strong><br \/>\n<em> publi\u00e9e dans le JO S\u00e9nat du 26\/01\/2012 &#8211; page 230<\/em><\/p>\n<p style=\"text-align: justify;\"><em><\/em>Mme Ren\u00e9e Nicoux attire l&rsquo;attention de M. le ministre de l&rsquo;\u00e9ducation nationale, de la jeunesse et de la vie associative sur la d\u00e9gradation des enseignements d&rsquo;histoire-g\u00e9ographie dans le second degr\u00e9 et sur la tenue des \u00e9tats g\u00e9n\u00e9raux de l&rsquo;histoire et de la g\u00e9ographie pour refonder l&rsquo;\u00e9cole et la citoyennet\u00e9 r\u00e9publicaines, le 28 janvier 2012 \u00e0 Paris.<\/p>\n<p style=\"text-align: justify;\">Depuis l&rsquo;annonce de la suppression des enseignements obligatoires d&rsquo;histoire et de g\u00e9ographie dans les programmes en terminale scientifique, la mobilisation des enseignants, du monde universitaire mais aussi d&rsquo;une partie la soci\u00e9t\u00e9 civile n&rsquo;a cess\u00e9 de s&rsquo;intensifier.<\/p>\n<p style=\"text-align: justify;\">C&rsquo;est pourquoi, l&rsquo;Association des professeurs d&rsquo;histoire et de g\u00e9ographie (APHG) a d\u00e9cid\u00e9 d&rsquo;organiser des \u00e9tats g\u00e9n\u00e9raux de l&rsquo;histoire et de la g\u00e9ographie afin de faire entendre une nouvelle fois leur voix et de r\u00e9affirmer la n\u00e9cessit\u00e9 imp\u00e9rieuse de maintenir l&rsquo;enseignement obligatoire de ces deux mati\u00e8res dans les programmes scolaires.<\/p>\n<p style=\"text-align: justify;\">En effet, l&rsquo;histoire et la g\u00e9ographie sont des enseignements indispensables \u00e0 la compr\u00e9hension du monde d&rsquo;aujourd&rsquo;hui (&#8230;)<\/p>\n","protected":false},"author":5,"featured_media":0,"comment_status":"closed","ping_status":"closed","sticky":false,"template":"","format":"standard","meta":{"footnotes":""},"categories":[22],"tags":[],"class_list":["post-2146","post","type-post","status-publish","format-standard","hentry","category-education"],"_links":{"self":[{"href":"https:\/\/www.reneenicoux.fr\/index.php?rest_route=\/wp\/v2\/posts\/2146","targetHints":{"allow":["GET"]}}],"collection":[{"href":"https:\/\/www.reneenicoux.fr\/index.php?rest_route=\/wp\/v2\/posts"}],"about":[{"href":"https:\/\/www.reneenicoux.fr\/index.php?rest_route=\/wp\/v2\/types\/post"}],"author":[{"embeddable":true,"href":"https:\/\/www.reneenicoux.fr\/index.php?rest_route=\/wp\/v2\/users\/5"}],"replies":[{"embeddable":true,"href":"https:\/\/www.reneenicoux.fr\/index.php?rest_route=%2Fwp%2Fv2%2Fcomments&post=2146"}],"version-history":[{"count":4,"href":"https:\/\/www.reneenicoux.fr\/index.php?rest_route=\/wp\/v2\/posts\/2146\/revisions"}],"predecessor-version":[{"id":2155,"href":"https:\/\/www.reneenicoux.fr\/index.php?rest_route=\/wp\/v2\/posts\/2146\/revisions\/2155"}],"wp:attachment":[{"href":"https:\/\/www.reneenicoux.fr\/index.php?rest_route=%2Fwp%2Fv2%2Fmedia&parent=2146"}],"wp:term":[{"taxonomy":"category","embeddable":true,"href":"https:\/\/www.reneenicoux.fr\/index.php?rest_route=%2Fwp%2Fv2%2Fcategories&post=2146"},{"taxonomy":"post_tag","embeddable":true,"href":"https:\/\/www.reneenicoux.fr\/index.php?rest_route=%2Fwp%2Fv2%2Ftags&post=2146"}],"curies":[{"name":"wp","href":"https:\/\/api.w.org\/{rel}","templated":true}]}}