{"id":2997,"date":"2014-02-10T08:55:35","date_gmt":"2014-02-10T07:55:35","guid":{"rendered":"https:\/\/www.reneenicoux.fr\/?p=2997"},"modified":"2014-05-16T09:10:18","modified_gmt":"2014-05-16T08:10:18","slug":"nouveau-numero-du-journal-du-club-produire-en-france","status":"publish","type":"post","link":"https:\/\/www.reneenicoux.fr\/?p=2997","title":{"rendered":"Nouveau num\u00e9ro du journal du Club Produire en France"},"content":{"rendered":"<p><a href=\"https:\/\/www.reneenicoux.fr\/wp-content\/uploads\/2014\/05\/Produire-en-France-4.pdf\" target=\"_blank\"><img loading=\"lazy\" decoding=\"async\" class=\"alignleft size-medium wp-image-2999\" src=\"https:\/\/www.reneenicoux.fr\/wp-content\/uploads\/2014\/05\/Produire-en-France-4-221x300.jpg\" alt=\"Produire-en-France-4\" width=\"221\" height=\"300\" srcset=\"https:\/\/www.reneenicoux.fr\/wp-content\/uploads\/2014\/05\/Produire-en-France-4-221x300.jpg 221w, https:\/\/www.reneenicoux.fr\/wp-content\/uploads\/2014\/05\/Produire-en-France-4.jpg 295w\" sizes=\"auto, (max-width: 221px) 100vw, 221px\" \/><\/a>En tant que copr\u00e9sidente du Club, je contribue aux travaux r\u00e9guliers du <em>Club Produire en France<\/em>. Un nouveau num\u00e9ro du journal vient de para\u00eetre. Vous y retrouverez notamment mon \u00e9dito.<br \/>\n<strong>&gt;&gt; Journal complet <a href=\"https:\/\/www.reneenicoux.fr\/wp-content\/uploads\/2014\/05\/Produire-en-France-4.pdf\" target=\"_blank\">\u00e0 t\u00e9l\u00e9charger ici<\/a> <\/strong>(PDF- 1Mo)<\/p>\n<p style=\"text-align: justify;\">En novembre 2012, le fondement du Pacte national pour la croissance, la comp\u00e9titivit\u00e9 et l\u2019emploi, inspir\u00e9 des travaux de Louis Gallois, Commissaire G\u00e9n\u00e9ral \u00e0 l\u2019investissement, avait pour objectif de renouer avec la croissance \u00e9conomique en renfor\u00e7ant la comp\u00e9titivit\u00e9 de nos entreprises. Le CICE, premi\u00e8re mesure de ce pacte, permet \u00e0 toutes les entreprises impos\u00e9es d\u2019apr\u00e8s leurs b\u00e9n\u00e9fices r\u00e9els de d\u00e9duire 6 % (4 % pour 2013) de la masse salariale brute inf\u00e9rieure ou \u00e9gale \u00e0 2,5 SMIC.<\/p>\n<p style=\"text-align: justify;\">Un an plus tard, des r\u00e9serves peuvent \u00e9merger concernant le faible ciblage de ce dispositif sur les entreprises exportatrices ou l\u2019industrie, les plus expos\u00e9es \u00e0 la concurrence mondiale, ainsi que sur l\u2019absence de contreparties pour les entreprises qui b\u00e9n\u00e9ficient de ce cr\u00e9dit d\u2019imp\u00f4t. N\u00e9anmoins, il serait pr\u00e9cipit\u00e9 d\u2019en attendre et d\u2019en \u00e9valuer tous les effets \u00e0 ce jour, tant en mati\u00e8re budg\u00e9taires qu\u2019en mati\u00e8re de r\u00e9percussion sur les prix ou l\u2019emploi, m\u00eame si l\u2019INSEE estime d\u2019ores et d\u00e9j\u00e0 que le CICE a permis 30 000 cr\u00e9ations d\u2019emplois ou suppressions \u00e9vit\u00e9es en 2013. Beaucoup reste \u00e0 accomplir pour donner forme \u00e0 ce Pacte et de nombreux chantiers sont d\u2019ores et d\u00e9j\u00e0 engag\u00e9s pour garantir un meilleur acc\u00e8s au financement pour les petites et moyennes entreprises, pour une simplification de leurs d\u00e9marches administratives, ainsi que pour une meilleure lisibilit\u00e9 de leur r\u00e9gime fiscal. Les efforts doivent donc \u00eatre poursuivis pour que l\u2019\u00e9conomie fran\u00e7aise regagne en comp\u00e9titivit\u00e9, des efforts qui commencent par la formation des jeunes g\u00e9n\u00e9rations et la formation tout au long de la vie, de mani\u00e8re \u00e0 ce que chacun puisse mieux appr\u00e9hender les mutations \u00e9conomiques.<\/p>\n<p style=\"text-align: justify;\">Les 34 projets de reconqu\u00eate industrielle s\u2019inscrivent dans la nouvelle France industrielle, concept mis en \u0153uvre par le Ministre du redressement productif Arnaud Montebourg, et qui a \u00e9t\u00e9 pr\u00e9sent\u00e9 par le Pr\u00e9sident de la R\u00e9publique, en septembre 2013. Ces 34 grands projets industriels s\u2019inscrivent \u00e9galement dans la d\u00e9marche et le travail engag\u00e9s par les 14 comit\u00e9s strat\u00e9giques de fili\u00e8res du Conseil National de l\u2019Industrie. Chaque projet regroupe tous les partenaires en capacit\u00e9 de contribuer \u00e0 la mise en \u0153uvre industrielle de projets issus de la recherche et qui peuvent s\u2019inscrire dans une \u00e9conomie Le soutien aux entreprises fran\u00e7aises commence au niveau local, dans chaque territoire. Pour attirer les entreprises, il faut cr\u00e9er des conditions d\u2019accueil satisfaisantes, discuter avec les chefs d\u2019entreprises et identifier leurs besoins, mettre en exergue le potentiel de d\u00e9veloppement, les \u00e9ventuelles difficult\u00e9s et les efforts que la collectivit\u00e9 peut faire. Dans les entreprises d\u00e9j\u00e0 implant\u00e9es, l\u2019\u00e9coute des salari\u00e9s, qui ont une parfaite connaissance de leur outil de travail et des comp\u00e9tences techniques souvent tr\u00e8s pointues, peut permettre d\u2019apporter des id\u00e9es et solutions innovantes.<\/p>\n","protected":false},"excerpt":{"rendered":"<p><a href=\"https:\/\/www.reneenicoux.fr\/wp-content\/uploads\/2014\/05\/Produire-en-France-4.pdf\" target=\"_blank\"><img loading=\"lazy\" decoding=\"async\" class=\"alignleft size-medium wp-image-2999\" src=\"https:\/\/www.reneenicoux.fr\/wp-content\/uploads\/2014\/05\/Produire-en-France-4-221x300.jpg\" alt=\"Produire-en-France-4\" width=\"221\" height=\"300\" srcset=\"https:\/\/www.reneenicoux.fr\/wp-content\/uploads\/2014\/05\/Produire-en-France-4-221x300.jpg 221w, https:\/\/www.reneenicoux.fr\/wp-content\/uploads\/2014\/05\/Produire-en-France-4.jpg 295w\" sizes=\"auto, (max-width: 221px) 100vw, 221px\" \/><\/a>En tant que copr\u00e9sidente du Club, je contribue aux travaux r\u00e9guliers du <em>Club Produire en France<\/em>. Un nouveau num\u00e9ro du journal vient de para\u00eetre. Vous y retrouverez notamment mon \u00e9dito.<br \/>\n<strong>&gt;&gt; Journal complet <a href=\"https:\/\/www.reneenicoux.fr\/wp-content\/uploads\/2014\/05\/Produire-en-France-4.pdf\" target=\"_blank\">\u00e0 t\u00e9l\u00e9charger ici<\/a> <\/strong>(PDF- 1Mo)<\/p>\n<p style=\"text-align: justify;\">En novembre 2012, le fondement du Pacte national pour la croissance, la comp\u00e9titivit\u00e9 et l\u2019emploi, inspir\u00e9 des travaux de Louis Gallois, Commissaire G\u00e9n\u00e9ral \u00e0 l\u2019investissement, avait pour objectif de renouer avec la croissance \u00e9conomique en renfor\u00e7ant la comp\u00e9titivit\u00e9 de nos entreprises. Le CICE, premi\u00e8re mesure de ce pacte, permet \u00e0 toutes les entreprises impos\u00e9es d\u2019apr\u00e8s leurs b\u00e9n\u00e9fices r\u00e9els de d\u00e9duire 6 % (4 % pour 2013) de la masse salariale brute inf\u00e9rieure ou \u00e9gale \u00e0 2,5 SMIC.<\/p>\n<p style=\"text-align: justify;\">Un an plus tard, des r\u00e9serves peuvent \u00e9merger concernant le faible ciblage de ce dispositif sur les entreprises exportatrices ou l\u2019industrie, les plus expos\u00e9es \u00e0 la concurrence mondiale, ainsi que sur l\u2019absence de contreparties pour les entreprises qui b\u00e9n\u00e9ficient de ce cr\u00e9dit d\u2019imp\u00f4t. N\u00e9anmoins, il serait pr\u00e9cipit\u00e9 d\u2019en attendre et d\u2019en \u00e9valuer tous les effets \u00e0 ce jour, tant en mati\u00e8re budg\u00e9taires qu\u2019en mati\u00e8re de r\u00e9percussion sur les prix ou l\u2019emploi, m\u00eame si l\u2019INSEE estime d\u2019ores et d\u00e9j\u00e0 que le CICE a permis 30 000 cr\u00e9ations d\u2019emplois ou suppressions \u00e9vit\u00e9es en 2013. Beaucoup reste \u00e0 accomplir pour donner forme \u00e0 ce Pacte et de nombreux chantiers sont d\u2019ores et d\u00e9j\u00e0 engag\u00e9s pour garantir un meilleur acc\u00e8s au financement pour les petites et moyennes entreprises, pour une simplification de leurs d\u00e9marches administratives, ainsi que pour une meilleure lisibilit\u00e9 de leur r\u00e9gime fiscal. Les efforts doivent donc \u00eatre poursuivis pour que l\u2019\u00e9conomie fran\u00e7aise regagne en comp\u00e9titivit\u00e9, des efforts qui commencent par la formation des jeunes g\u00e9n\u00e9rations et la formation tout au long de la vie, de mani\u00e8re \u00e0 ce que chacun puisse mieux appr\u00e9hender les mutations \u00e9conomiques.<\/p>\n<p style=\"text-align: justify;\">Les 34 projets de reconqu\u00eate industrielle s\u2019inscrivent dans la nouvelle France industrielle, concept mis en \u0153uvre par le Ministre du redressement productif Arnaud Montebourg, et qui a \u00e9t\u00e9 pr\u00e9sent\u00e9 par le Pr\u00e9sident de la R\u00e9publique, en septembre 2013. Ces 34 grands projets industriels s\u2019inscrivent \u00e9galement dans la d\u00e9marche et le travail engag\u00e9s par les 14 comit\u00e9s strat\u00e9giques de fili\u00e8res du Conseil National de l\u2019Industrie. Chaque projet regroupe tous les partenaires en capacit\u00e9 de contribuer \u00e0 la mise en \u0153uvre industrielle de projets issus de la recherche et qui peuvent s\u2019inscrire dans une \u00e9conomie Le soutien aux entreprises fran\u00e7aises commence au niveau local, dans chaque territoire. Pour attirer les entreprises, il faut cr\u00e9er des conditions d\u2019accueil satisfaisantes, discuter avec les chefs d\u2019entreprises et identifier leurs besoins, mettre en exergue le potentiel de d\u00e9veloppement, les \u00e9ventuelles difficult\u00e9s et les efforts que la collectivit\u00e9 peut faire. Dans les entreprises d\u00e9j\u00e0 implant\u00e9es, l\u2019\u00e9coute des salari\u00e9s, qui ont une parfaite connaissance de leur outil de travail et des comp\u00e9tences techniques souvent tr\u00e8s pointues, peut permettre d\u2019apporter des id\u00e9es et solutions innovantes.<\/p>\n","protected":false},"author":9,"featured_media":0,"comment_status":"closed","ping_status":"closed","sticky":false,"template":"","format":"standard","meta":{"footnotes":""},"categories":[24],"tags":[],"class_list":["post-2997","post","type-post","status-publish","format-standard","hentry","category-economie"],"_links":{"self":[{"href":"https:\/\/www.reneenicoux.fr\/index.php?rest_route=\/wp\/v2\/posts\/2997","targetHints":{"allow":["GET"]}}],"collection":[{"href":"https:\/\/www.reneenicoux.fr\/index.php?rest_route=\/wp\/v2\/posts"}],"about":[{"href":"https:\/\/www.reneenicoux.fr\/index.php?rest_route=\/wp\/v2\/types\/post"}],"author":[{"embeddable":true,"href":"https:\/\/www.reneenicoux.fr\/index.php?rest_route=\/wp\/v2\/users\/9"}],"replies":[{"embeddable":true,"href":"https:\/\/www.reneenicoux.fr\/index.php?rest_route=%2Fwp%2Fv2%2Fcomments&post=2997"}],"version-history":[{"count":4,"href":"https:\/\/www.reneenicoux.fr\/index.php?rest_route=\/wp\/v2\/posts\/2997\/revisions"}],"predecessor-version":[{"id":3003,"href":"https:\/\/www.reneenicoux.fr\/index.php?rest_route=\/wp\/v2\/posts\/2997\/revisions\/3003"}],"wp:attachment":[{"href":"https:\/\/www.reneenicoux.fr\/index.php?rest_route=%2Fwp%2Fv2%2Fmedia&parent=2997"}],"wp:term":[{"taxonomy":"category","embeddable":true,"href":"https:\/\/www.reneenicoux.fr\/index.php?rest_route=%2Fwp%2Fv2%2Fcategories&post=2997"},{"taxonomy":"post_tag","embeddable":true,"href":"https:\/\/www.reneenicoux.fr\/index.php?rest_route=%2Fwp%2Fv2%2Ftags&post=2997"}],"curies":[{"name":"wp","href":"https:\/\/api.w.org\/{rel}","templated":true}]}}