{"id":3044,"date":"2014-07-17T15:01:36","date_gmt":"2014-07-17T13:01:36","guid":{"rendered":"https:\/\/www.reneenicoux.fr\/?p=3044"},"modified":"2014-07-17T15:16:47","modified_gmt":"2014-07-17T13:16:47","slug":"une-edition-speciale-de-la-creuse-au-senat-un-mandat-de-5-ans-au-service-de-la-creuse","status":"publish","type":"post","link":"https:\/\/www.reneenicoux.fr\/?p=3044","title":{"rendered":"Une \u00e9dition sp\u00e9ciale de \u00ab La Creuse au S\u00e9nat  \u00bb : <br\/>un mandat de 5 ans au service de la Creuse"},"content":{"rendered":"<p><a href=\"https:\/\/www.reneenicoux.fr\/wp-content\/uploads\/2014\/07\/LaCreuseauSenat_juil2014web.pdf\" target=\"_blank\"><img loading=\"lazy\" decoding=\"async\" class=\"alignleft size-full wp-image-3046\" src=\"https:\/\/www.reneenicoux.fr\/wp-content\/uploads\/2014\/07\/journal4w.jpg\" alt=\"journal4w\" width=\"212\" height=\"300\" \/><\/a>Ce num\u00e9ro 4 de La Creuse au S\u00e9nat est une \u00e9dition sp\u00e9ciale que je publie au terme de mon mandat de s\u00e9nateur de la Creuse.<\/p>\n<p>&gt; <a href=\"https:\/\/www.reneenicoux.fr\/wp-content\/uploads\/2014\/07\/LaCreuseauSenat_juil2014web.pdf\" target=\"_blank\">T\u00e9l\u00e9chargez le num\u00e9ro 4 de la Creuse au S\u00e9nat<\/a> (fichier PDF \u2013 3,4 Mo)<\/p>\n<p><strong>Un mandat de 5 ans au service de la Creuse<\/strong><\/p>\n<p style=\"text-align: justify;\">Dans quelques semaines les grands \u00e9lecteurs seront amen\u00e9s \u00e0 \u00e9lire nos futurs s\u00e9nateurs, parlementaires repr\u00e9sentant les collectivit\u00e9s territoriales. Le jeu des d\u00e9signations internes au parti socialiste ne m\u2019a pas permis d\u2019\u00eatre candidate pour cette \u00e9ch\u00e9ance, la pr\u00e9f\u00e9rence des militants s\u2019\u00e9tant port\u00e9e sur un candidat masculin, \u00e9lu de l\u2019agglo de Gu\u00e9ret, ce que je regrette ; non pas pour la qualit\u00e9 du candidat, mais pour la repr\u00e9sentation f\u00e9minine et g\u00e9ographique, et pour le peu de cas qui a \u00e9t\u00e9 fait du travail accompli pendant ces cinq derni\u00e8res ann\u00e9es.<\/p>\n<p style=\"text-align: justify;\">Elue suppl\u00e9ante d\u2019Andr\u00e9 Lejeune en septembre 2008, je fus amen\u00e9e, \u00e0 la suite de son d\u00e9c\u00e8s, \u00e0 assumer les fonctions de s\u00e9nateur d\u00e8s septembre 2009. S\u00e9natrice sortante, il me semble important de porter \u00e0 la connaissance des \u00e9lus creusois le contenu des travaux men\u00e9s lors de ce mandat, pour laisser une trace et achever ce qui a \u00e9t\u00e9 entrepris dans les trois premiers num\u00e9ros. C\u2019est pourquoi ce num\u00e9ro 4 de <em>La Creuse au S\u00e9nat<\/em> se pr\u00e9sente comme un bilan global d\u2019un mandat que j\u2019ai exerc\u00e9 pendant 5 ans avec le s\u00e9rieux d\u00fb \u00e0 la fonction et un engagement total au service des Creusois, du d\u00e9partement et plus largement du pays. Il ne peut en aucun cas \u00eatre exhaustif, mais il retrace les points essentiels dont le d\u00e9veloppement peut \u00eatre consult\u00e9 sur mon site internet.<\/p>\n<p style=\"text-align: justify;\">Au cours de ces 5 ann\u00e9es, le S\u00e9nat a connu une profonde mutation avec notamment le changement de majorit\u00e9 \u00e0 l\u2019occasion du renouvellement de la moiti\u00e9 des s\u00e9nateurs en 2011 ; pour la premi\u00e8re fois de son histoire la pr\u00e9sidence revenait \u00e0 un \u00e9lu socialiste. C\u2019est dans ce contexte de nouvelle majorit\u00e9 que je me suis vue confier la vice-pr\u00e9sidence de la commission \u00e9conomique, puis en son sein la pr\u00e9sidence du groupe d\u2019\u00e9tudes sur l\u2019\u00e9conomie agricole et alimentaire qui me valut d\u2019\u00eatre d\u00e9sign\u00e9e <em>rapporteur pour avis du budget de la mission agriculture, alimentation, for\u00eat et affaires rurales<\/em>.<br \/>\nC\u2019est aussi parce que mon investissement pour le d\u00e9veloppement et la d\u00e9fense des territoires ruraux au S\u00e9nat ou dans les instances o\u00f9 je si\u00e9geais, telles que l\u2019ANEM (Association Nationale des Elus de la Montagne), \u00e9tait reconnu de tous qu\u2019il m\u2019a \u00e9t\u00e9 demand\u00e9 d\u2019\u00eatre rapporteur de l\u2019\u00e9tude sur l\u2019avenir des campagnes pour la D\u00e9l\u00e9gation \u00e0 la prospective. Cet engagement a constitu\u00e9 la trame de mon investissement s\u00e9natorial, tout comme il constitue le fil conducteur de ce bilan.<\/p>\n<p style=\"text-align: justify;\">D\u00e9fendre les territoires ruraux, c\u2019est bien s\u00fbr d\u00e9fendre la pr\u00e9sence des services publics en zone rurale, mais c\u2019est aussi faire reconnaitre l\u2019image positive des campagnes, faire entendre la voix de la ruralit\u00e9, faire valoir ses atouts dans diff\u00e9rentes instances, c\u2019est combattre l\u2019in\u00e9galit\u00e9, travailler sur les amendements susceptibles d\u2019am\u00e9liorer les lois la concernant, et contribuer \u00e0 faire prendre en compte leurs sp\u00e9cificit\u00e9s dans des r\u00e9formes telles que la r\u00e9forme territoriale.<\/p>\n<p style=\"text-align: justify;\">Cet exercice n\u00e9cessite disponibilit\u00e9, engagement, pr\u00e9sence sur le terrain, prise en compte des besoins \u00e9manant du territoire pour un meilleur relais, soutien des projets, etc. En conclusion, je dirai que l\u2019on n\u2019est pas s\u00e9nateur, on le devient ; l\u2019exercice de la fonction demande familiarisation et appropriation des rouages, ce qui exige du temps et de l\u2019investissement personnel.<\/p>\n<p style=\"text-align: justify;\">Vu le travail accompli, et malgr\u00e9 le contexte difficile, c\u2019est avec une certaine fiert\u00e9 que je termine mon mandat. Je tiens \u00e0 remercier tous ceux avec qui j\u2019ai pu travailler, au del\u00e0 des diff\u00e9rences, au service de notre d\u00e9partement, des femmes et des hommes qui y vivent. La Creuse a de l\u2019avenir : \u00e0 chacun d\u2019y prendre sa part.<\/p>\n<p><strong>\u00ab L\u2019histoire enseigne aux hommes la difficult\u00e9 des grandes t\u00e2ches et la lenteur des accomplissements, mais elle justifie l\u2019invincible espoir. \u00bb<\/strong> <em>Jean Jaur\u00e8s<\/em><\/p>\n<p>&gt; <a href=\"https:\/\/www.reneenicoux.fr\/wp-content\/uploads\/2014\/07\/LaCreuseauSenat_juil2014web.pdf\" target=\"_blank\">T\u00e9l\u00e9chargez le num\u00e9ro 4 de la Creuse au S\u00e9nat<\/a> (fichier PDF \u2013 1,8 Mo)<\/p>\n","protected":false},"excerpt":{"rendered":"<p><a href=\"https:\/\/www.reneenicoux.fr\/wp-content\/uploads\/2014\/07\/LaCreuseauSenat_juil2014web.pdf\" target=\"_blank\"><img loading=\"lazy\" decoding=\"async\" class=\"alignleft size-full wp-image-3046\" src=\"https:\/\/www.reneenicoux.fr\/wp-content\/uploads\/2014\/07\/journal4w.jpg\" alt=\"journal4w\" width=\"212\" height=\"300\" \/><\/a>Ce num\u00e9ro 4 de La Creuse au S\u00e9nat est une \u00e9dition sp\u00e9ciale que je publie au terme de mon mandat de s\u00e9nateur de la Creuse.<\/p>\n<p>&gt; <a href=\"https:\/\/www.reneenicoux.fr\/wp-content\/uploads\/2014\/07\/LaCreuseauSenat_juil2014web.pdf\" target=\"_blank\">T\u00e9l\u00e9chargez le num\u00e9ro 4 de la Creuse au S\u00e9nat<\/a> (fichier PDF \u2013 1,8 Mo)<\/p>\n<p><strong>Un mandat de 5 ans au service de la Creuse<\/strong><\/p>\n<p style=\"text-align: justify;\">Dans quelques semaines les grands \u00e9lecteurs seront amen\u00e9s \u00e0 \u00e9lire nos futurs s\u00e9nateurs, parlementaires repr\u00e9sentant les collectivit\u00e9s territoriales. Le jeu des d\u00e9signations internes au parti socialiste ne m\u2019a pas permis d\u2019\u00eatre candidate pour cette \u00e9ch\u00e9ance, la pr\u00e9f\u00e9rence des militants s\u2019\u00e9tant port\u00e9e sur un candidat masculin, \u00e9lu de l\u2019agglo de Gu\u00e9ret, ce que je regrette ; non pas pour la qualit\u00e9 du candidat, mais pour la repr\u00e9sentation f\u00e9minine et g\u00e9ographique, et pour le peu de cas qui a \u00e9t\u00e9 fait du travail accompli pendant ces cinq derni\u00e8res ann\u00e9es.<\/p>\n<p style=\"text-align: justify;\">Elue suppl\u00e9ante d\u2019Andr\u00e9 Lejeune en septembre 2008, je fus amen\u00e9e, \u00e0 la suite de son d\u00e9c\u00e8s, \u00e0 assumer les fonctions de s\u00e9nateur d\u00e8s septembre 2009. S\u00e9natrice sortante, il me semble important de porter \u00e0 la connaissance des \u00e9lus creusois le contenu des travaux men\u00e9s lors de ce mandat, pour laisser une trace et achever ce qui a \u00e9t\u00e9 entrepris dans les trois premiers num\u00e9ros. C\u2019est pourquoi ce num\u00e9ro 4 de <em>La Creuse au S\u00e9nat<\/em> se pr\u00e9sente comme un bilan global d\u2019un mandat que j\u2019ai exerc\u00e9 pendant 5 ans avec le s\u00e9rieux d\u00fb \u00e0 la fonction et un engagement total au service des Creusois, du d\u00e9partement et plus largement du pays. Il ne peut en aucun cas \u00eatre exhaustif, mais il retrace les points essentiels dont le d\u00e9veloppement peut \u00eatre consult\u00e9 sur mon site internet.<\/p>\n<p style=\"text-align: justify;\">Au cours de ces 5 ann\u00e9es, le S\u00e9nat a connu une profonde mutation avec notamment le changement de majorit\u00e9 \u00e0 l\u2019occasion du renouvellement de la moiti\u00e9 des s\u00e9nateurs en 2011 ; pour la premi\u00e8re fois de son histoire la pr\u00e9sidence revenait \u00e0 un \u00e9lu socialiste. C\u2019est dans ce contexte de nouvelle majorit\u00e9 que je me suis vue confier la vice-pr\u00e9sidence de la commission \u00e9conomique, puis en son sein la pr\u00e9sidence du groupe d\u2019\u00e9tudes sur l\u2019\u00e9conomie agricole et alimentaire qui me valut d\u2019\u00eatre d\u00e9sign\u00e9e <em>rapporteur pour avis du budget de la mission agriculture, alimentation, for\u00eat et affaires rurales<\/em>.<br \/>\nC\u2019est aussi parce que mon investissement pour le d\u00e9veloppement et la d\u00e9fense des territoires ruraux au S\u00e9nat ou dans les instances o\u00f9 je si\u00e9geais, telles que l\u2019ANEM (Association Nationale des Elus de la Montagne), \u00e9tait reconnu de tous qu\u2019il m\u2019a \u00e9t\u00e9 demand\u00e9 d\u2019\u00eatre rapporteur de l\u2019\u00e9tude sur l\u2019avenir des campagnes pour la D\u00e9l\u00e9gation \u00e0 la prospective. Cet engagement a constitu\u00e9 la trame de mon investissement s\u00e9natorial, tout comme il constitue le fil conducteur de ce bilan.<\/p>\n<p style=\"text-align: justify;\">D\u00e9fendre les territoires ruraux, c\u2019est bien s\u00fbr d\u00e9fendre la pr\u00e9sence des services publics en zone rurale, mais c\u2019est aussi faire reconnaitre l\u2019image positive des campagnes, faire entendre la voix de la ruralit\u00e9, faire valoir ses atouts dans diff\u00e9rentes instances, c\u2019est combattre l\u2019in\u00e9galit\u00e9, travailler sur les amendements susceptibles d\u2019am\u00e9liorer les lois la concernant, et contribuer \u00e0 faire prendre en compte leurs sp\u00e9cificit\u00e9s dans des r\u00e9formes telles que la r\u00e9forme territoriale.<\/p>\n<p style=\"text-align: justify;\">Cet exercice n\u00e9cessite disponibilit\u00e9, engagement, pr\u00e9sence sur le terrain, prise en compte des besoins \u00e9manant du territoire pour un meilleur relais, soutien des projets, etc. En conclusion, je dirai que l\u2019on n\u2019est pas s\u00e9nateur, on le devient ; l\u2019exercice de la fonction demande familiarisation et appropriation des rouages, ce qui exige du temps et de l\u2019investissement personnel.<\/p>\n<p style=\"text-align: justify;\">Vu le travail accompli, et malgr\u00e9 le contexte difficile, c\u2019est avec une certaine fiert\u00e9 que je termine mon mandat. Je tiens \u00e0 remercier tous ceux avec qui j\u2019ai pu travailler, au del\u00e0 des diff\u00e9rences, au service de notre d\u00e9partement, des femmes et des hommes qui y vivent. La Creuse a de l\u2019avenir : \u00e0 chacun d\u2019y prendre sa part.<\/p>\n<p><strong>\u00ab L\u2019histoire enseigne aux hommes la difficult\u00e9 des grandes t\u00e2ches et la lenteur des accomplissements, mais elle justifie l\u2019invincible espoir. \u00bb<\/strong> <em>Jean Jaur\u00e8s<\/em><\/p>\n<p>&gt; <a href=\"https:\/\/www.reneenicoux.fr\/wp-content\/uploads\/2014\/07\/LaCreuseauSenat_juil2014web.pdf\" target=\"_blank\">T\u00e9l\u00e9chargez le num\u00e9ro 4 de la Creuse au S\u00e9nat<\/a> (fichier PDF \u2013 1,8 Mo)<\/p>\n","protected":false},"author":9,"featured_media":0,"comment_status":"closed","ping_status":"closed","sticky":false,"template":"","format":"standard","meta":{"footnotes":""},"categories":[4],"tags":[],"class_list":["post-3044","post","type-post","status-publish","format-standard","hentry","category-actualite"],"_links":{"self":[{"href":"https:\/\/www.reneenicoux.fr\/index.php?rest_route=\/wp\/v2\/posts\/3044","targetHints":{"allow":["GET"]}}],"collection":[{"href":"https:\/\/www.reneenicoux.fr\/index.php?rest_route=\/wp\/v2\/posts"}],"about":[{"href":"https:\/\/www.reneenicoux.fr\/index.php?rest_route=\/wp\/v2\/types\/post"}],"author":[{"embeddable":true,"href":"https:\/\/www.reneenicoux.fr\/index.php?rest_route=\/wp\/v2\/users\/9"}],"replies":[{"embeddable":true,"href":"https:\/\/www.reneenicoux.fr\/index.php?rest_route=%2Fwp%2Fv2%2Fcomments&post=3044"}],"version-history":[{"count":8,"href":"https:\/\/www.reneenicoux.fr\/index.php?rest_route=\/wp\/v2\/posts\/3044\/revisions"}],"predecessor-version":[{"id":3056,"href":"https:\/\/www.reneenicoux.fr\/index.php?rest_route=\/wp\/v2\/posts\/3044\/revisions\/3056"}],"wp:attachment":[{"href":"https:\/\/www.reneenicoux.fr\/index.php?rest_route=%2Fwp%2Fv2%2Fmedia&parent=3044"}],"wp:term":[{"taxonomy":"category","embeddable":true,"href":"https:\/\/www.reneenicoux.fr\/index.php?rest_route=%2Fwp%2Fv2%2Fcategories&post=3044"},{"taxonomy":"post_tag","embeddable":true,"href":"https:\/\/www.reneenicoux.fr\/index.php?rest_route=%2Fwp%2Fv2%2Ftags&post=3044"}],"curies":[{"name":"wp","href":"https:\/\/api.w.org\/{rel}","templated":true}]}}