{"id":3059,"date":"2014-07-24T18:43:30","date_gmt":"2014-07-24T16:43:30","guid":{"rendered":"https:\/\/www.reneenicoux.fr\/?p=3059"},"modified":"2014-09-01T16:11:57","modified_gmt":"2014-09-01T14:11:57","slug":"adoption-definitive-de-la-loi-agriculture-alimentation-et-foret-au-senat-la-france-se-dirige-vers-lagro-ecologie","status":"publish","type":"post","link":"https:\/\/www.reneenicoux.fr\/?p=3059","title":{"rendered":"Adoption d\u00e9finitive de la loi Agriculture, alimentation et for\u00eat au S\u00e9nat : La France se dirige vers l\u2019agro-\u00e9cologie"},"content":{"rendered":"<p><em>Communiqu\u00e9 de presse du groupe socialiste du S\u00e9nat<\/em><\/p>\n<p>Par l\u2019adoption des conclusions de la commission mixte paritaire, le S\u00e9nat a d\u00e9finitivement adopt\u00e9 la loi Agriculture, Alimentation et For\u00eat,\u00a0une loi d\u2019avenir qui repense le logiciel agricole. Pour le rapporteur du texte, Didier Guillaume, \u00ab\u00a0Cette loi pr\u00e9parant l\u2019agriculture de demain repose sur deux pieds: la comp\u00e9titivit\u00e9 \u00e9conomique, d\u2019une part, et l\u2019agro-\u00e9cologie, d\u2019autre part, pour une nouvelle orientation productive vers des pratiques harmonieuses\u00a0\u00bb.<\/p>\n<p>L\u2019agriculture et la for\u00eat ont suscit\u00e9 de nombreux d\u00e9bats riches et passionn\u00e9s, dans un climat d\u2019\u00e9coute et de dialogue. Ils ont permis l\u2019am\u00e9lioration de la loi. Des dispositions importantes ont \u00e9t\u00e9 int\u00e9gr\u00e9es dont l\u2019addition peut \u00a0changer la donne. \u00ab\u00a0Ce texte devrait faire date dans l\u2019\u00e9volution des pratiques agricoles\u00a0\u00bb, a soulign\u00e9 la chef de file socialiste Ren\u00e9e Nicoux, \u00ab\u00a0pour une transition vers l\u2019agro-\u00e9cologie qui vise la triple performance\u00a0: \u00e9conomique, environnementale et sociale en redonnant toute sa place \u00e0 l\u2019agronomie\u00a0\u00bb.<\/p>\n<p>Pour les agriculteurs, c\u2019est une meilleure prise en compte de l\u2019emploi et de leurs conditions de travail, une attention quant aux lourdeurs administratives et une facilitation de l\u2019installation des jeunes. La formation a \u00e9t\u00e9 au c\u0153ur de la loi. Par ailleurs, elle va impulser le changement des pratiques. Un meilleur encadrement des utilisations des antibiotiques et l\u2019engagement vers une moindre utilisation des pesticides sont des marqueurs d\u2019une grande vigilance quant \u00e0 leur impact sur la sant\u00e9 humaine et l\u2019environnement.<\/p>\n<p>Les s\u00e9nateurs socialistes ont vot\u00e9 avec enthousiasme \u00ab\u00a0un texte qui porte en germe l\u2019avenir de l\u2019agriculture fran\u00e7aise\u00a0\u00bb a annonc\u00e9 la s\u00e9natrice Ren\u00e9e Nicoux.<\/p>\n","protected":false},"excerpt":{"rendered":"<p>Communiqu\u00e9 de presse du groupe socialiste du S\u00e9nat Par l\u2019adoption des conclusions de la commission mixte paritaire, le S\u00e9nat a d\u00e9finitivement adopt\u00e9 la loi Agriculture, Alimentation et For\u00eat,\u00a0une loi d\u2019avenir qui repense le logiciel agricole. Pour le rapporteur du texte, Didier Guillaume, \u00ab\u00a0Cette loi pr\u00e9parant l\u2019agriculture de demain repose sur deux pieds: la comp\u00e9titivit\u00e9 \u00e9conomique, [&hellip;]<\/p>\n","protected":false},"author":8,"featured_media":0,"comment_status":"closed","ping_status":"closed","sticky":false,"template":"","format":"standard","meta":{"footnotes":""},"categories":[5],"tags":[],"class_list":["post-3059","post","type-post","status-publish","format-standard","hentry","category-agriculture"],"_links":{"self":[{"href":"https:\/\/www.reneenicoux.fr\/index.php?rest_route=\/wp\/v2\/posts\/3059","targetHints":{"allow":["GET"]}}],"collection":[{"href":"https:\/\/www.reneenicoux.fr\/index.php?rest_route=\/wp\/v2\/posts"}],"about":[{"href":"https:\/\/www.reneenicoux.fr\/index.php?rest_route=\/wp\/v2\/types\/post"}],"author":[{"embeddable":true,"href":"https:\/\/www.reneenicoux.fr\/index.php?rest_route=\/wp\/v2\/users\/8"}],"replies":[{"embeddable":true,"href":"https:\/\/www.reneenicoux.fr\/index.php?rest_route=%2Fwp%2Fv2%2Fcomments&post=3059"}],"version-history":[{"count":1,"href":"https:\/\/www.reneenicoux.fr\/index.php?rest_route=\/wp\/v2\/posts\/3059\/revisions"}],"predecessor-version":[{"id":3060,"href":"https:\/\/www.reneenicoux.fr\/index.php?rest_route=\/wp\/v2\/posts\/3059\/revisions\/3060"}],"wp:attachment":[{"href":"https:\/\/www.reneenicoux.fr\/index.php?rest_route=%2Fwp%2Fv2%2Fmedia&parent=3059"}],"wp:term":[{"taxonomy":"category","embeddable":true,"href":"https:\/\/www.reneenicoux.fr\/index.php?rest_route=%2Fwp%2Fv2%2Fcategories&post=3059"},{"taxonomy":"post_tag","embeddable":true,"href":"https:\/\/www.reneenicoux.fr\/index.php?rest_route=%2Fwp%2Fv2%2Ftags&post=3059"}],"curies":[{"name":"wp","href":"https:\/\/api.w.org\/{rel}","templated":true}]}}