{"id":3070,"date":"2014-10-05T09:25:11","date_gmt":"2014-10-05T07:25:11","guid":{"rendered":"https:\/\/www.reneenicoux.fr\/?p=3070"},"modified":"2014-10-05T09:25:11","modified_gmt":"2014-10-05T07:25:11","slug":"message-de-soutien","status":"publish","type":"post","link":"https:\/\/www.reneenicoux.fr\/?p=3070","title":{"rendered":"Message de soutien"},"content":{"rendered":"<p><a href=\"https:\/\/www.reneenicoux.fr\/wp-content\/uploads\/2014\/10\/panneausoutiensept2014.jpeg\" rel=\"lightbox[3070]\"><img loading=\"lazy\" decoding=\"async\" class=\"aligncenter size-medium wp-image-3071\" src=\"https:\/\/www.reneenicoux.fr\/wp-content\/uploads\/2014\/10\/panneausoutiensept2014-300x225.jpeg\" alt=\"panneausoutiensept2014\" width=\"300\" height=\"225\" srcset=\"https:\/\/www.reneenicoux.fr\/wp-content\/uploads\/2014\/10\/panneausoutiensept2014-300x225.jpeg 300w, https:\/\/www.reneenicoux.fr\/wp-content\/uploads\/2014\/10\/panneausoutiensept2014-400x300.jpeg 400w, https:\/\/www.reneenicoux.fr\/wp-content\/uploads\/2014\/10\/panneausoutiensept2014.jpeg 640w\" sizes=\"auto, (max-width: 300px) 100vw, 300px\" \/><\/a><br \/>\nMessage de soutien install\u00e9 par un \u00e9lu du territoire \u00e0 l\u2019entr\u00e9e de la Cit\u00e9 Administrative de Gu\u00e9ret lors du vote des S\u00e9natoriales le 28 septembre dernier. Merci \u00e0 lui et \u00e0 ceux qui ont eu l\u2019occasion de me faire part de leurs remerciements et encouragements.<\/p>\n","protected":false},"excerpt":{"rendered":"<p><a href=\"https:\/\/www.reneenicoux.fr\/wp-content\/uploads\/2014\/10\/panneausoutiensept2014.jpeg\" rel=\"lightbox[3070]\"><img loading=\"lazy\" decoding=\"async\" class=\"aligncenter size-medium wp-image-3071\" src=\"https:\/\/www.reneenicoux.fr\/wp-content\/uploads\/2014\/10\/panneausoutiensept2014-300x225.jpeg\" alt=\"panneausoutiensept2014\" width=\"300\" height=\"225\" srcset=\"https:\/\/www.reneenicoux.fr\/wp-content\/uploads\/2014\/10\/panneausoutiensept2014-300x225.jpeg 300w, https:\/\/www.reneenicoux.fr\/wp-content\/uploads\/2014\/10\/panneausoutiensept2014-400x300.jpeg 400w, https:\/\/www.reneenicoux.fr\/wp-content\/uploads\/2014\/10\/panneausoutiensept2014.jpeg 640w\" sizes=\"auto, (max-width: 300px) 100vw, 300px\" \/><\/a><br \/>\nMessage de soutien install\u00e9 par un \u00e9lu du territoire \u00e0 l\u2019entr\u00e9e de la Cit\u00e9 Administrative de Gu\u00e9ret lors du vote des S\u00e9natoriales le 28 septembre dernier. Merci \u00e0 lui et \u00e0 ceux qui ont eu l\u2019occasion de me faire part de leurs remerciements et encouragements.<\/p>\n","protected":false},"author":9,"featured_media":0,"comment_status":"closed","ping_status":"closed","sticky":false,"template":"","format":"standard","meta":{"footnotes":""},"categories":[4],"tags":[],"class_list":["post-3070","post","type-post","status-publish","format-standard","hentry","category-actualite"],"_links":{"self":[{"href":"https:\/\/www.reneenicoux.fr\/index.php?rest_route=\/wp\/v2\/posts\/3070","targetHints":{"allow":["GET"]}}],"collection":[{"href":"https:\/\/www.reneenicoux.fr\/index.php?rest_route=\/wp\/v2\/posts"}],"about":[{"href":"https:\/\/www.reneenicoux.fr\/index.php?rest_route=\/wp\/v2\/types\/post"}],"author":[{"embeddable":true,"href":"https:\/\/www.reneenicoux.fr\/index.php?rest_route=\/wp\/v2\/users\/9"}],"replies":[{"embeddable":true,"href":"https:\/\/www.reneenicoux.fr\/index.php?rest_route=%2Fwp%2Fv2%2Fcomments&post=3070"}],"version-history":[{"count":2,"href":"https:\/\/www.reneenicoux.fr\/index.php?rest_route=\/wp\/v2\/posts\/3070\/revisions"}],"predecessor-version":[{"id":3073,"href":"https:\/\/www.reneenicoux.fr\/index.php?rest_route=\/wp\/v2\/posts\/3070\/revisions\/3073"}],"wp:attachment":[{"href":"https:\/\/www.reneenicoux.fr\/index.php?rest_route=%2Fwp%2Fv2%2Fmedia&parent=3070"}],"wp:term":[{"taxonomy":"category","embeddable":true,"href":"https:\/\/www.reneenicoux.fr\/index.php?rest_route=%2Fwp%2Fv2%2Fcategories&post=3070"},{"taxonomy":"post_tag","embeddable":true,"href":"https:\/\/www.reneenicoux.fr\/index.php?rest_route=%2Fwp%2Fv2%2Ftags&post=3070"}],"curies":[{"name":"wp","href":"https:\/\/api.w.org\/{rel}","templated":true}]}}